{"id":3007,"date":"2023-11-06T16:30:25","date_gmt":"2023-11-06T15:30:25","guid":{"rendered":"https:\/\/www.proyectohombreprovinciacadiz.org\/?p=3007"},"modified":"2023-11-06T16:30:25","modified_gmt":"2023-11-06T15:30:25","slug":"un-ano-mas-seguimos-contando-con-el-apoyo-del-excmo-ayuntamiento-de-cadiz","status":"publish","type":"post","link":"https:\/\/www.proyectohombreprovinciacadiz.org\/index.php\/2023\/11\/06\/un-ano-mas-seguimos-contando-con-el-apoyo-del-excmo-ayuntamiento-de-cadiz\/","title":{"rendered":"Un a\u00f1o m\u00e1s, seguimos contando con el apoyo del Excmo. Ayuntamiento de C\u00e1diz."},"content":{"rendered":"\n<p>El Excmo. Ayuntamiento de C\u00e1diz a trav\u00e9s de la delegaci\u00f3n de Asuntos Sociales nos han concedido una subvenci\u00f3n de 15.000 \u20ac para atender a personas con problemas de adicci\u00f3n y a sus familias en el Centro de D\u00eda de Proyecto Hombre en C\u00e1diz durante el a\u00f1o 2023.<\/p>\n\n\n\n<p>Aquellas personas interesadas pueden contactar con nuestro Programa:<\/p>\n\n\n\n<p>&#8211;&nbsp;&nbsp;&nbsp;&nbsp;&nbsp;&nbsp;&nbsp;&nbsp;&nbsp;&nbsp; 956 250 153<\/p>\n\n\n\n<p>&#8211;&nbsp;&nbsp;&nbsp;&nbsp;&nbsp;&nbsp;&nbsp;&nbsp;&nbsp;&nbsp; proyectohombrecadiz@hotmail.com<\/p>\n\n\n\n<figure class=\"wp-block-gallery has-nested-images columns-default is-cropped wp-block-gallery-1 is-layout-flex wp-block-gallery-is-layout-flex\">\n<figure class=\"wp-block-image size-large\"><img fetchpriority=\"high\" decoding=\"async\" width=\"426\" height=\"297\" data-id=\"3008\" src=\"https:\/\/www.proyectohombreprovinciacadiz.org\/wp-content\/uploads\/2023\/11\/Ayuntamiento-de-Cadiz.png\" alt=\"\" class=\"wp-image-3008\" srcset=\"https:\/\/www.proyectohombreprovinciacadiz.org\/wp-content\/uploads\/2023\/11\/Ayuntamiento-de-Cadiz.png 426w, https:\/\/www.proyectohombreprovinciacadiz.org\/wp-content\/uploads\/2023\/11\/Ayuntamiento-de-Cadiz-300x209.png 300w\" sizes=\"(max-width: 426px) 100vw, 426px\" \/><\/figure>\n\n\n\n<figure class=\"wp-block-image size-large\"><img decoding=\"async\" width=\"1024\" height=\"768\" data-id=\"3009\" src=\"https:\/\/www.proyectohombreprovinciacadiz.org\/wp-content\/uploads\/2023\/11\/centro-de-dia-1024x768.jpg\" alt=\"\" class=\"wp-image-3009\" srcset=\"https:\/\/www.proyectohombreprovinciacadiz.org\/wp-content\/uploads\/2023\/11\/centro-de-dia-1024x768.jpg 1024w, https:\/\/www.proyectohombreprovinciacadiz.org\/wp-content\/uploads\/2023\/11\/centro-de-dia-300x225.jpg 300w, https:\/\/www.proyectohombreprovinciacadiz.org\/wp-content\/uploads\/2023\/11\/centro-de-dia-768x576.jpg 768w, https:\/\/www.proyectohombreprovinciacadiz.org\/wp-content\/uploads\/2023\/11\/centro-de-dia-1536x1152.jpg 1536w, https:\/\/www.proyectohombreprovinciacadiz.org\/wp-content\/uploads\/2023\/11\/centro-de-dia-2048x1536.jpg 2048w\" sizes=\"(max-width: 1024px) 100vw, 1024px\" \/><\/figure>\n<\/figure>\n","protected":false},"excerpt":{"rendered":"<p>El Excmo. Ayuntamiento de C\u00e1diz a trav\u00e9s de la delegaci\u00f3n de Asuntos Sociales nos han concedido una subvenci\u00f3n de 15.000 \u20ac para atender a personas con problemas de adicci\u00f3n y a sus familias en el Centro de D\u00eda de Proyecto Hombre en C\u00e1diz durante el a\u00f1o 2023. Aquellas personas interesadas pueden contactar con nuestro Programa: &#8230; <a title=\"Un a\u00f1o m\u00e1s, seguimos contando con el apoyo del Excmo. Ayuntamiento de C\u00e1diz.\" class=\"read-more\" href=\"https:\/\/www.proyectohombreprovinciacadiz.org\/index.php\/2023\/11\/06\/un-ano-mas-seguimos-contando-con-el-apoyo-del-excmo-ayuntamiento-de-cadiz\/\" aria-label=\"M\u00e1s en Un a\u00f1o m\u00e1s, seguimos contando con el apoyo del Excmo. Ayuntamiento de C\u00e1diz.\">Leer m\u00e1s<\/a><\/p>\n","protected":false},"author":2,"featured_media":0,"comment_status":"closed","ping_status":"closed","sticky":false,"template":"","format":"standard","meta":{"footnotes":""},"categories":[1],"tags":[],"class_list":["post-3007","post","type-post","status-publish","format-standard","hentry","category-sin-categoria"],"_links":{"self":[{"href":"https:\/\/www.proyectohombreprovinciacadiz.org\/index.php\/wp-json\/wp\/v2\/posts\/3007","targetHints":{"allow":["GET"]}}],"collection":[{"href":"https:\/\/www.proyectohombreprovinciacadiz.org\/index.php\/wp-json\/wp\/v2\/posts"}],"about":[{"href":"https:\/\/www.proyectohombreprovinciacadiz.org\/index.php\/wp-json\/wp\/v2\/types\/post"}],"author":[{"embeddable":true,"href":"https:\/\/www.proyectohombreprovinciacadiz.org\/index.php\/wp-json\/wp\/v2\/users\/2"}],"replies":[{"embeddable":true,"href":"https:\/\/www.proyectohombreprovinciacadiz.org\/index.php\/wp-json\/wp\/v2\/comments?post=3007"}],"version-history":[{"count":1,"href":"https:\/\/www.proyectohombreprovinciacadiz.org\/index.php\/wp-json\/wp\/v2\/posts\/3007\/revisions"}],"predecessor-version":[{"id":3010,"href":"https:\/\/www.proyectohombreprovinciacadiz.org\/index.php\/wp-json\/wp\/v2\/posts\/3007\/revisions\/3010"}],"wp:attachment":[{"href":"https:\/\/www.proyectohombreprovinciacadiz.org\/index.php\/wp-json\/wp\/v2\/media?parent=3007"}],"wp:term":[{"taxonomy":"category","embeddable":true,"href":"https:\/\/www.proyectohombreprovinciacadiz.org\/index.php\/wp-json\/wp\/v2\/categories?post=3007"},{"taxonomy":"post_tag","embeddable":true,"href":"https:\/\/www.proyectohombreprovinciacadiz.org\/index.php\/wp-json\/wp\/v2\/tags?post=3007"}],"curies":[{"name":"wp","href":"https:\/\/api.w.org\/{rel}","templated":true}]}}