{"id":3012,"date":"2023-11-08T08:50:44","date_gmt":"2023-11-08T07:50:44","guid":{"rendered":"https:\/\/www.proyectohombreprovinciacadiz.org\/?p=3012"},"modified":"2023-11-08T08:50:44","modified_gmt":"2023-11-08T07:50:44","slug":"i-encuentro-asociacion-ph-contigosomosproyecto","status":"publish","type":"post","link":"https:\/\/www.proyectohombreprovinciacadiz.org\/index.php\/2023\/11\/08\/i-encuentro-asociacion-ph-contigosomosproyecto\/","title":{"rendered":"I Encuentro Asociaci\u00f3n PH #ContigoSomosProyecto\u201d"},"content":{"rendered":"\n<p>\u2714Con la presencia del ministro de Sanidad D. Jos\u00e9 Mi\u00f1ones, se ha celebrado el 6 y 7 de noviembre, en El Escorial, el I Encuentro de la Asociaci\u00f3n PH #ContigoSomosProyecto.<\/p>\n\n\n\n<p>\ud83d\udce2Desde proyecto Hombre provincia de C\u00e1diz, asisti\u00f3 el equipo de gesti\u00f3n de nuestra entidad: Sonia Franco, Elo\u00edsa Rosales, Sonia Pe\u00f1a y Nuria Alc\u00f3n, acompa\u00f1adas de nuestro director-presidente, Luis Bononato.<\/p>\n\n\n\n<p>\ud83d\udca5Dos d\u00edas de jornadas en el que el encuentro, la reflexi\u00f3n y el intercambio de experiencias han propiciado la reconexi\u00f3n con nuestra esencia y lo que nos hace diferentes en esta aventura de acompa\u00f1ar a quienes m\u00e1s lo necesitan, con profesionalidad y calidez humana.<\/p>\n\n\n\n<figure class=\"wp-block-gallery has-nested-images columns-default is-cropped wp-block-gallery-1 is-layout-flex wp-block-gallery-is-layout-flex\">\n<figure class=\"wp-block-image size-large\"><img fetchpriority=\"high\" decoding=\"async\" width=\"1024\" height=\"768\" data-id=\"3015\" src=\"https:\/\/www.proyectohombreprovinciacadiz.org\/wp-content\/uploads\/2023\/11\/IMG_20231106_160053-1024x768.jpg\" alt=\"\" class=\"wp-image-3015\" srcset=\"https:\/\/www.proyectohombreprovinciacadiz.org\/wp-content\/uploads\/2023\/11\/IMG_20231106_160053-1024x768.jpg 1024w, https:\/\/www.proyectohombreprovinciacadiz.org\/wp-content\/uploads\/2023\/11\/IMG_20231106_160053-300x225.jpg 300w, https:\/\/www.proyectohombreprovinciacadiz.org\/wp-content\/uploads\/2023\/11\/IMG_20231106_160053-768x576.jpg 768w, https:\/\/www.proyectohombreprovinciacadiz.org\/wp-content\/uploads\/2023\/11\/IMG_20231106_160053-1536x1152.jpg 1536w, https:\/\/www.proyectohombreprovinciacadiz.org\/wp-content\/uploads\/2023\/11\/IMG_20231106_160053-2048x1536.jpg 2048w\" sizes=\"(max-width: 1024px) 100vw, 1024px\" \/><\/figure>\n\n\n\n<figure class=\"wp-block-image size-large\"><img decoding=\"async\" width=\"1024\" height=\"768\" data-id=\"3014\" src=\"https:\/\/www.proyectohombreprovinciacadiz.org\/wp-content\/uploads\/2023\/11\/IMG_20231107_092335-1024x768.jpg\" alt=\"\" class=\"wp-image-3014\" srcset=\"https:\/\/www.proyectohombreprovinciacadiz.org\/wp-content\/uploads\/2023\/11\/IMG_20231107_092335-1024x768.jpg 1024w, https:\/\/www.proyectohombreprovinciacadiz.org\/wp-content\/uploads\/2023\/11\/IMG_20231107_092335-300x225.jpg 300w, https:\/\/www.proyectohombreprovinciacadiz.org\/wp-content\/uploads\/2023\/11\/IMG_20231107_092335-768x576.jpg 768w, https:\/\/www.proyectohombreprovinciacadiz.org\/wp-content\/uploads\/2023\/11\/IMG_20231107_092335-1536x1152.jpg 1536w, https:\/\/www.proyectohombreprovinciacadiz.org\/wp-content\/uploads\/2023\/11\/IMG_20231107_092335-2048x1536.jpg 2048w\" sizes=\"(max-width: 1024px) 100vw, 1024px\" \/><\/figure>\n\n\n\n<figure class=\"wp-block-image size-large\"><img decoding=\"async\" width=\"1024\" height=\"682\" data-id=\"3013\" src=\"https:\/\/www.proyectohombreprovinciacadiz.org\/wp-content\/uploads\/2023\/11\/IMG-20231107-WA0041-1024x682.jpg\" alt=\"\" class=\"wp-image-3013\" srcset=\"https:\/\/www.proyectohombreprovinciacadiz.org\/wp-content\/uploads\/2023\/11\/IMG-20231107-WA0041-1024x682.jpg 1024w, https:\/\/www.proyectohombreprovinciacadiz.org\/wp-content\/uploads\/2023\/11\/IMG-20231107-WA0041-300x200.jpg 300w, https:\/\/www.proyectohombreprovinciacadiz.org\/wp-content\/uploads\/2023\/11\/IMG-20231107-WA0041-768x512.jpg 768w, https:\/\/www.proyectohombreprovinciacadiz.org\/wp-content\/uploads\/2023\/11\/IMG-20231107-WA0041-1536x1023.jpg 1536w, https:\/\/www.proyectohombreprovinciacadiz.org\/wp-content\/uploads\/2023\/11\/IMG-20231107-WA0041.jpg 1600w\" sizes=\"(max-width: 1024px) 100vw, 1024px\" \/><\/figure>\n<\/figure>\n","protected":false},"excerpt":{"rendered":"<p>\u2714Con la presencia del ministro de Sanidad D. Jos\u00e9 Mi\u00f1ones, se ha celebrado el 6 y 7 de noviembre, en El Escorial, el I Encuentro de la Asociaci\u00f3n PH #ContigoSomosProyecto. \ud83d\udce2Desde proyecto Hombre provincia de C\u00e1diz, asisti\u00f3 el equipo de gesti\u00f3n de nuestra entidad: Sonia Franco, Elo\u00edsa Rosales, Sonia Pe\u00f1a y Nuria Alc\u00f3n, acompa\u00f1adas de &#8230; <a title=\"I Encuentro Asociaci\u00f3n PH #ContigoSomosProyecto\u201d\" class=\"read-more\" href=\"https:\/\/www.proyectohombreprovinciacadiz.org\/index.php\/2023\/11\/08\/i-encuentro-asociacion-ph-contigosomosproyecto\/\" aria-label=\"M\u00e1s en I Encuentro Asociaci\u00f3n PH #ContigoSomosProyecto\u201d\">Leer m\u00e1s<\/a><\/p>\n","protected":false},"author":2,"featured_media":0,"comment_status":"closed","ping_status":"closed","sticky":false,"template":"","format":"standard","meta":{"footnotes":""},"categories":[1],"tags":[],"class_list":["post-3012","post","type-post","status-publish","format-standard","hentry","category-sin-categoria"],"_links":{"self":[{"href":"https:\/\/www.proyectohombreprovinciacadiz.org\/index.php\/wp-json\/wp\/v2\/posts\/3012","targetHints":{"allow":["GET"]}}],"collection":[{"href":"https:\/\/www.proyectohombreprovinciacadiz.org\/index.php\/wp-json\/wp\/v2\/posts"}],"about":[{"href":"https:\/\/www.proyectohombreprovinciacadiz.org\/index.php\/wp-json\/wp\/v2\/types\/post"}],"author":[{"embeddable":true,"href":"https:\/\/www.proyectohombreprovinciacadiz.org\/index.php\/wp-json\/wp\/v2\/users\/2"}],"replies":[{"embeddable":true,"href":"https:\/\/www.proyectohombreprovinciacadiz.org\/index.php\/wp-json\/wp\/v2\/comments?post=3012"}],"version-history":[{"count":1,"href":"https:\/\/www.proyectohombreprovinciacadiz.org\/index.php\/wp-json\/wp\/v2\/posts\/3012\/revisions"}],"predecessor-version":[{"id":3016,"href":"https:\/\/www.proyectohombreprovinciacadiz.org\/index.php\/wp-json\/wp\/v2\/posts\/3012\/revisions\/3016"}],"wp:attachment":[{"href":"https:\/\/www.proyectohombreprovinciacadiz.org\/index.php\/wp-json\/wp\/v2\/media?parent=3012"}],"wp:term":[{"taxonomy":"category","embeddable":true,"href":"https:\/\/www.proyectohombreprovinciacadiz.org\/index.php\/wp-json\/wp\/v2\/categories?post=3012"},{"taxonomy":"post_tag","embeddable":true,"href":"https:\/\/www.proyectohombreprovinciacadiz.org\/index.php\/wp-json\/wp\/v2\/tags?post=3012"}],"curies":[{"name":"wp","href":"https:\/\/api.w.org\/{rel}","templated":true}]}}