{"id":3378,"date":"2024-03-25T09:24:01","date_gmt":"2024-03-25T08:24:01","guid":{"rendered":"https:\/\/www.proyectohombreprovinciacadiz.org\/?p=3378"},"modified":"2024-03-25T09:24:01","modified_gmt":"2024-03-25T08:24:01","slug":"reunion-general-del-personal-contratado-3","status":"publish","type":"post","link":"https:\/\/www.proyectohombreprovinciacadiz.org\/index.php\/2024\/03\/25\/reunion-general-del-personal-contratado-3\/","title":{"rendered":"Reuni\u00f3n general del personal contratado"},"content":{"rendered":"\n<p>El 15 de marzo celebramos la Reuni\u00f3n general del personal contratado de la entidad. Como cada edici\u00f3n se propicia un espacio de encuentro, con informaci\u00f3n general de la Entidad y presentaci\u00f3n de objetivos de los diferentes programas y sectores. Por primera vez pudimos desarrollar tanto la reuni\u00f3n como el almuerzo posterior en las instalaciones de la nueva sede.<\/p>\n\n\n\n<p>Este a\u00f1o contamos con la participaci\u00f3n de un colaborador muy querido en la entidad, Pedro Melgar, quien realiz\u00f3 un taller de movimiento expresivo, una forma de comunicaci\u00f3n no verbal que utiliza el cuerpo para expresar emociones, ideas y sensaciones. Se basa en la idea de que el cuerpo tiene su propia inteligencia y sabidur\u00eda, y que al conectarnos con \u00e9l podemos acceder a un nivel m\u00e1s profundo de autoconocimiento y expresi\u00f3n. Un instrumento muy valioso en el desarrollo de un trabajo como el que realizamos.<\/p>\n\n\n\n<p>Contamos tambi\u00e9n con la colaboraci\u00f3n de Mari Fern\u00e1ndez y Manuel M\u00e9ndez, pertenecientes a nuestro voluntariado, gracias a los cuales se organiz\u00f3 la log\u00edstica necesaria para el espacio del desayuno y el almuerzo.<\/p>\n\n\n\n<p>Como dijo el escritor japon\u00e9s Ryunosuke Satoro:<\/p>\n\n\n\n<p>\u00abIndividualmente, somos una gota. Juntos, somos el mar\u00bb<\/p>\n\n\n\n<p>Ojal\u00e1 que este mar siga ayudando a navegar a quienes necesitan de nuestra ayuda.<\/p>\n\n\n\n<figure class=\"wp-block-gallery has-nested-images columns-default is-cropped wp-block-gallery-1 is-layout-flex wp-block-gallery-is-layout-flex\">\n<figure class=\"wp-block-image size-large\"><img fetchpriority=\"high\" decoding=\"async\" width=\"1024\" height=\"768\" data-id=\"3380\" src=\"https:\/\/www.proyectohombreprovinciacadiz.org\/wp-content\/uploads\/2024\/03\/1-1024x768.jpg\" alt=\"\" class=\"wp-image-3380\" srcset=\"https:\/\/www.proyectohombreprovinciacadiz.org\/wp-content\/uploads\/2024\/03\/1-1024x768.jpg 1024w, https:\/\/www.proyectohombreprovinciacadiz.org\/wp-content\/uploads\/2024\/03\/1-300x225.jpg 300w, https:\/\/www.proyectohombreprovinciacadiz.org\/wp-content\/uploads\/2024\/03\/1-768x576.jpg 768w, https:\/\/www.proyectohombreprovinciacadiz.org\/wp-content\/uploads\/2024\/03\/1-1536x1152.jpg 1536w, https:\/\/www.proyectohombreprovinciacadiz.org\/wp-content\/uploads\/2024\/03\/1-2048x1536.jpg 2048w\" sizes=\"(max-width: 1024px) 100vw, 1024px\" \/><\/figure>\n\n\n\n<figure class=\"wp-block-image size-large\"><img decoding=\"async\" width=\"1024\" height=\"461\" data-id=\"3379\" src=\"https:\/\/www.proyectohombreprovinciacadiz.org\/wp-content\/uploads\/2024\/03\/2-1024x461.jpeg\" alt=\"\" class=\"wp-image-3379\" srcset=\"https:\/\/www.proyectohombreprovinciacadiz.org\/wp-content\/uploads\/2024\/03\/2-1024x461.jpeg 1024w, https:\/\/www.proyectohombreprovinciacadiz.org\/wp-content\/uploads\/2024\/03\/2-300x135.jpeg 300w, https:\/\/www.proyectohombreprovinciacadiz.org\/wp-content\/uploads\/2024\/03\/2-768x346.jpeg 768w, https:\/\/www.proyectohombreprovinciacadiz.org\/wp-content\/uploads\/2024\/03\/2-1536x691.jpeg 1536w, https:\/\/www.proyectohombreprovinciacadiz.org\/wp-content\/uploads\/2024\/03\/2.jpeg 2000w\" sizes=\"(max-width: 1024px) 100vw, 1024px\" \/><\/figure>\n\n\n\n<figure class=\"wp-block-image size-large\"><img decoding=\"async\" width=\"1024\" height=\"461\" data-id=\"3381\" src=\"https:\/\/www.proyectohombreprovinciacadiz.org\/wp-content\/uploads\/2024\/03\/3-1024x461.jpg\" alt=\"\" class=\"wp-image-3381\" srcset=\"https:\/\/www.proyectohombreprovinciacadiz.org\/wp-content\/uploads\/2024\/03\/3-1024x461.jpg 1024w, https:\/\/www.proyectohombreprovinciacadiz.org\/wp-content\/uploads\/2024\/03\/3-300x135.jpg 300w, https:\/\/www.proyectohombreprovinciacadiz.org\/wp-content\/uploads\/2024\/03\/3-768x346.jpg 768w, https:\/\/www.proyectohombreprovinciacadiz.org\/wp-content\/uploads\/2024\/03\/3-1536x691.jpg 1536w, https:\/\/www.proyectohombreprovinciacadiz.org\/wp-content\/uploads\/2024\/03\/3-2048x922.jpg 2048w\" sizes=\"(max-width: 1024px) 100vw, 1024px\" \/><\/figure>\n\n\n\n<figure class=\"wp-block-image size-large\"><img loading=\"lazy\" decoding=\"async\" width=\"1024\" height=\"768\" data-id=\"3382\" src=\"https:\/\/www.proyectohombreprovinciacadiz.org\/wp-content\/uploads\/2024\/03\/4-1024x768.jpg\" alt=\"\" class=\"wp-image-3382\" srcset=\"https:\/\/www.proyectohombreprovinciacadiz.org\/wp-content\/uploads\/2024\/03\/4-1024x768.jpg 1024w, https:\/\/www.proyectohombreprovinciacadiz.org\/wp-content\/uploads\/2024\/03\/4-300x225.jpg 300w, https:\/\/www.proyectohombreprovinciacadiz.org\/wp-content\/uploads\/2024\/03\/4-768x576.jpg 768w, https:\/\/www.proyectohombreprovinciacadiz.org\/wp-content\/uploads\/2024\/03\/4-1536x1152.jpg 1536w, https:\/\/www.proyectohombreprovinciacadiz.org\/wp-content\/uploads\/2024\/03\/4-2048x1536.jpg 2048w\" sizes=\"(max-width: 1024px) 100vw, 1024px\" \/><\/figure>\n<\/figure>\n","protected":false},"excerpt":{"rendered":"<p>El 15 de marzo celebramos la Reuni\u00f3n general del personal contratado de la entidad. Como cada edici\u00f3n se propicia un espacio de encuentro, con informaci\u00f3n general de la Entidad y presentaci\u00f3n de objetivos de los diferentes programas y sectores. Por primera vez pudimos desarrollar tanto la reuni\u00f3n como el almuerzo posterior en las instalaciones de &#8230; <a title=\"Reuni\u00f3n general del personal contratado\" class=\"read-more\" href=\"https:\/\/www.proyectohombreprovinciacadiz.org\/index.php\/2024\/03\/25\/reunion-general-del-personal-contratado-3\/\" aria-label=\"M\u00e1s en Reuni\u00f3n general del personal contratado\">Leer m\u00e1s<\/a><\/p>\n","protected":false},"author":2,"featured_media":0,"comment_status":"closed","ping_status":"closed","sticky":false,"template":"","format":"standard","meta":{"footnotes":""},"categories":[1],"tags":[],"class_list":["post-3378","post","type-post","status-publish","format-standard","hentry","category-sin-categoria"],"_links":{"self":[{"href":"https:\/\/www.proyectohombreprovinciacadiz.org\/index.php\/wp-json\/wp\/v2\/posts\/3378","targetHints":{"allow":["GET"]}}],"collection":[{"href":"https:\/\/www.proyectohombreprovinciacadiz.org\/index.php\/wp-json\/wp\/v2\/posts"}],"about":[{"href":"https:\/\/www.proyectohombreprovinciacadiz.org\/index.php\/wp-json\/wp\/v2\/types\/post"}],"author":[{"embeddable":true,"href":"https:\/\/www.proyectohombreprovinciacadiz.org\/index.php\/wp-json\/wp\/v2\/users\/2"}],"replies":[{"embeddable":true,"href":"https:\/\/www.proyectohombreprovinciacadiz.org\/index.php\/wp-json\/wp\/v2\/comments?post=3378"}],"version-history":[{"count":1,"href":"https:\/\/www.proyectohombreprovinciacadiz.org\/index.php\/wp-json\/wp\/v2\/posts\/3378\/revisions"}],"predecessor-version":[{"id":3383,"href":"https:\/\/www.proyectohombreprovinciacadiz.org\/index.php\/wp-json\/wp\/v2\/posts\/3378\/revisions\/3383"}],"wp:attachment":[{"href":"https:\/\/www.proyectohombreprovinciacadiz.org\/index.php\/wp-json\/wp\/v2\/media?parent=3378"}],"wp:term":[{"taxonomy":"category","embeddable":true,"href":"https:\/\/www.proyectohombreprovinciacadiz.org\/index.php\/wp-json\/wp\/v2\/categories?post=3378"},{"taxonomy":"post_tag","embeddable":true,"href":"https:\/\/www.proyectohombreprovinciacadiz.org\/index.php\/wp-json\/wp\/v2\/tags?post=3378"}],"curies":[{"name":"wp","href":"https:\/\/api.w.org\/{rel}","templated":true}]}}