{"id":3384,"date":"2024-03-25T09:29:20","date_gmt":"2024-03-25T08:29:20","guid":{"rendered":"https:\/\/www.proyectohombreprovinciacadiz.org\/?p=3384"},"modified":"2024-03-25T09:29:20","modified_gmt":"2024-03-25T08:29:20","slug":"una-importante-ayuda-del-excmo-colegio-oficial-de-medicos","status":"publish","type":"post","link":"https:\/\/www.proyectohombreprovinciacadiz.org\/index.php\/2024\/03\/25\/una-importante-ayuda-del-excmo-colegio-oficial-de-medicos\/","title":{"rendered":"Una importante ayuda del Excmo. Colegio Oficial de M\u00e9dicos"},"content":{"rendered":"\n<p>Un a\u00f1o m\u00e1s, el Excmo. Colegio Oficial de M\u00e9dicos de la provincia de C\u00e1diz ha concedido una ayuda econ\u00f3mica a nuestro centro que, en esta ocasi\u00f3n, facilitar\u00e1 la atenci\u00f3n psicoterap\u00e9utica y el acompa\u00f1amiento a la poblaci\u00f3n reclusa.<\/p>\n\n\n\n<p>El a\u00f1o pasado atendimos en los Centros penitenciarios de Puerto II, Puerto III y Algeciras a 456 personas.<\/p>\n\n\n\n<p>\u00a1Muchas gracias a la Comisi\u00f3n Permanente de la Junta Directiva del Excmo. Colegio Oficial de M\u00e9dicos de la provincia de C\u00e1diz por confiar y apoyar nuestro trabajo!<\/p>\n\n\n\n<figure class=\"wp-block-image size-full\"><img fetchpriority=\"high\" decoding=\"async\" width=\"527\" height=\"511\" src=\"https:\/\/www.proyectohombreprovinciacadiz.org\/wp-content\/uploads\/2024\/03\/RRSS-Colegio-de-Medicos.png\" alt=\"\" class=\"wp-image-3385\" srcset=\"https:\/\/www.proyectohombreprovinciacadiz.org\/wp-content\/uploads\/2024\/03\/RRSS-Colegio-de-Medicos.png 527w, https:\/\/www.proyectohombreprovinciacadiz.org\/wp-content\/uploads\/2024\/03\/RRSS-Colegio-de-Medicos-300x291.png 300w\" sizes=\"(max-width: 527px) 100vw, 527px\" \/><\/figure>\n","protected":false},"excerpt":{"rendered":"<p>Un a\u00f1o m\u00e1s, el Excmo. Colegio Oficial de M\u00e9dicos de la provincia de C\u00e1diz ha concedido una ayuda econ\u00f3mica a nuestro centro que, en esta ocasi\u00f3n, facilitar\u00e1 la atenci\u00f3n psicoterap\u00e9utica y el acompa\u00f1amiento a la poblaci\u00f3n reclusa. El a\u00f1o pasado atendimos en los Centros penitenciarios de Puerto II, Puerto III y Algeciras a 456 personas. &#8230; <a title=\"Una importante ayuda del Excmo. Colegio Oficial de M\u00e9dicos\" class=\"read-more\" href=\"https:\/\/www.proyectohombreprovinciacadiz.org\/index.php\/2024\/03\/25\/una-importante-ayuda-del-excmo-colegio-oficial-de-medicos\/\" aria-label=\"M\u00e1s en Una importante ayuda del Excmo. Colegio Oficial de M\u00e9dicos\">Leer m\u00e1s<\/a><\/p>\n","protected":false},"author":2,"featured_media":0,"comment_status":"closed","ping_status":"closed","sticky":false,"template":"","format":"standard","meta":{"footnotes":""},"categories":[1],"tags":[],"class_list":["post-3384","post","type-post","status-publish","format-standard","hentry","category-sin-categoria"],"_links":{"self":[{"href":"https:\/\/www.proyectohombreprovinciacadiz.org\/index.php\/wp-json\/wp\/v2\/posts\/3384","targetHints":{"allow":["GET"]}}],"collection":[{"href":"https:\/\/www.proyectohombreprovinciacadiz.org\/index.php\/wp-json\/wp\/v2\/posts"}],"about":[{"href":"https:\/\/www.proyectohombreprovinciacadiz.org\/index.php\/wp-json\/wp\/v2\/types\/post"}],"author":[{"embeddable":true,"href":"https:\/\/www.proyectohombreprovinciacadiz.org\/index.php\/wp-json\/wp\/v2\/users\/2"}],"replies":[{"embeddable":true,"href":"https:\/\/www.proyectohombreprovinciacadiz.org\/index.php\/wp-json\/wp\/v2\/comments?post=3384"}],"version-history":[{"count":1,"href":"https:\/\/www.proyectohombreprovinciacadiz.org\/index.php\/wp-json\/wp\/v2\/posts\/3384\/revisions"}],"predecessor-version":[{"id":3386,"href":"https:\/\/www.proyectohombreprovinciacadiz.org\/index.php\/wp-json\/wp\/v2\/posts\/3384\/revisions\/3386"}],"wp:attachment":[{"href":"https:\/\/www.proyectohombreprovinciacadiz.org\/index.php\/wp-json\/wp\/v2\/media?parent=3384"}],"wp:term":[{"taxonomy":"category","embeddable":true,"href":"https:\/\/www.proyectohombreprovinciacadiz.org\/index.php\/wp-json\/wp\/v2\/categories?post=3384"},{"taxonomy":"post_tag","embeddable":true,"href":"https:\/\/www.proyectohombreprovinciacadiz.org\/index.php\/wp-json\/wp\/v2\/tags?post=3384"}],"curies":[{"name":"wp","href":"https:\/\/api.w.org\/{rel}","templated":true}]}}