{"id":3392,"date":"2024-03-25T11:50:07","date_gmt":"2024-03-25T10:50:07","guid":{"rendered":"https:\/\/www.proyectohombreprovinciacadiz.org\/?p=3392"},"modified":"2024-03-25T11:50:07","modified_gmt":"2024-03-25T10:50:07","slug":"trabajo-terapeutico-en-programa-de-apoyo","status":"publish","type":"post","link":"https:\/\/www.proyectohombreprovinciacadiz.org\/index.php\/2024\/03\/25\/trabajo-terapeutico-en-programa-de-apoyo\/","title":{"rendered":"Trabajo terap\u00e9utico en Programa de Apoyo"},"content":{"rendered":"\n<p>Continuamos con el trabajo educativo-terap\u00e9utico que desde los distintos dispositivos de Proyecto Hombre provincia de C\u00e1diz se est\u00e1n llevando a cabo, para la rehabilitaci\u00f3n e incorporaci\u00f3n social de personas con adicciones, como el que desarrollamos desde el Programa Concilia, que &nbsp;est\u00e1 dise\u00f1ado para poner en marcha estrategias que permitan aumentar la permanencia y la adherencia de mujeres y hombres con problemas de consumo de psicoestimulantes y alcohol a los programas de tratamiento en los centros de la Red de Atenci\u00f3n a las Drogodependencias y Adicciones.<\/p>\n\n\n\n<p>Desde los grupos de autoayuda y el trabajo individualizado se intenta fomentar la participaci\u00f3n de las personas usuarias en la toma de decisiones en su proceso terap\u00e9utico, fomentando la participaci\u00f3n e implicaci\u00f3n de las familias, de forma corresponsable, en el proceso de tratamiento y que se realiza en r\u00e9gimen ambulatorio.<\/p>\n\n\n\n<p>El \u201cPrograma Concilia de apoyo a personas consumidoras de psicoestimulantes y de alcohol\u201d se lleva a en colaboraci\u00f3n con la Consejer\u00eda de Inclusi\u00f3n Social, Juventud, Familia e Igualdad, de la Junta de Andaluc\u00eda, por la asignaci\u00f3n tributaria del 0,7% del IRPF para entidades privadas de inter\u00e9s general.<\/p>\n\n\n\n<figure class=\"wp-block-gallery has-nested-images columns-default is-cropped wp-block-gallery-1 is-layout-flex wp-block-gallery-is-layout-flex\">\n<figure class=\"wp-block-image size-large\"><img fetchpriority=\"high\" decoding=\"async\" width=\"1024\" height=\"768\" data-id=\"3393\" src=\"https:\/\/www.proyectohombreprovinciacadiz.org\/wp-content\/uploads\/2024\/03\/foto-2-1024x768.jpg\" alt=\"\" class=\"wp-image-3393\" srcset=\"https:\/\/www.proyectohombreprovinciacadiz.org\/wp-content\/uploads\/2024\/03\/foto-2-1024x768.jpg 1024w, https:\/\/www.proyectohombreprovinciacadiz.org\/wp-content\/uploads\/2024\/03\/foto-2-300x225.jpg 300w, https:\/\/www.proyectohombreprovinciacadiz.org\/wp-content\/uploads\/2024\/03\/foto-2-768x576.jpg 768w, https:\/\/www.proyectohombreprovinciacadiz.org\/wp-content\/uploads\/2024\/03\/foto-2-1536x1152.jpg 1536w, https:\/\/www.proyectohombreprovinciacadiz.org\/wp-content\/uploads\/2024\/03\/foto-2.jpg 2000w\" sizes=\"(max-width: 1024px) 100vw, 1024px\" \/><\/figure>\n\n\n\n<figure class=\"wp-block-image size-large\"><img decoding=\"async\" width=\"1024\" height=\"768\" data-id=\"3395\" src=\"https:\/\/www.proyectohombreprovinciacadiz.org\/wp-content\/uploads\/2024\/03\/Foto-1024x768.jpg\" alt=\"\" class=\"wp-image-3395\" srcset=\"https:\/\/www.proyectohombreprovinciacadiz.org\/wp-content\/uploads\/2024\/03\/Foto-1024x768.jpg 1024w, https:\/\/www.proyectohombreprovinciacadiz.org\/wp-content\/uploads\/2024\/03\/Foto-300x225.jpg 300w, https:\/\/www.proyectohombreprovinciacadiz.org\/wp-content\/uploads\/2024\/03\/Foto-768x576.jpg 768w, https:\/\/www.proyectohombreprovinciacadiz.org\/wp-content\/uploads\/2024\/03\/Foto-1536x1152.jpg 1536w, https:\/\/www.proyectohombreprovinciacadiz.org\/wp-content\/uploads\/2024\/03\/Foto.jpg 2000w\" sizes=\"(max-width: 1024px) 100vw, 1024px\" \/><\/figure>\n\n\n\n<figure class=\"wp-block-image size-large\"><img decoding=\"async\" width=\"1024\" height=\"683\" data-id=\"3394\" src=\"https:\/\/www.proyectohombreprovinciacadiz.org\/wp-content\/uploads\/2024\/03\/RRSS-IRPF-Andalucia-2023-1-1024x683.jpg\" alt=\"\" class=\"wp-image-3394\" srcset=\"https:\/\/www.proyectohombreprovinciacadiz.org\/wp-content\/uploads\/2024\/03\/RRSS-IRPF-Andalucia-2023-1-1024x683.jpg 1024w, https:\/\/www.proyectohombreprovinciacadiz.org\/wp-content\/uploads\/2024\/03\/RRSS-IRPF-Andalucia-2023-1-300x200.jpg 300w, https:\/\/www.proyectohombreprovinciacadiz.org\/wp-content\/uploads\/2024\/03\/RRSS-IRPF-Andalucia-2023-1-768x512.jpg 768w, https:\/\/www.proyectohombreprovinciacadiz.org\/wp-content\/uploads\/2024\/03\/RRSS-IRPF-Andalucia-2023-1-1536x1024.jpg 1536w, https:\/\/www.proyectohombreprovinciacadiz.org\/wp-content\/uploads\/2024\/03\/RRSS-IRPF-Andalucia-2023-1-2048x1365.jpg 2048w\" sizes=\"(max-width: 1024px) 100vw, 1024px\" \/><\/figure>\n<\/figure>\n","protected":false},"excerpt":{"rendered":"<p>Continuamos con el trabajo educativo-terap\u00e9utico que desde los distintos dispositivos de Proyecto Hombre provincia de C\u00e1diz se est\u00e1n llevando a cabo, para la rehabilitaci\u00f3n e incorporaci\u00f3n social de personas con adicciones, como el que desarrollamos desde el Programa Concilia, que &nbsp;est\u00e1 dise\u00f1ado para poner en marcha estrategias que permitan aumentar la permanencia y la adherencia &#8230; <a title=\"Trabajo terap\u00e9utico en Programa de Apoyo\" class=\"read-more\" href=\"https:\/\/www.proyectohombreprovinciacadiz.org\/index.php\/2024\/03\/25\/trabajo-terapeutico-en-programa-de-apoyo\/\" aria-label=\"M\u00e1s en Trabajo terap\u00e9utico en Programa de Apoyo\">Leer m\u00e1s<\/a><\/p>\n","protected":false},"author":2,"featured_media":0,"comment_status":"closed","ping_status":"closed","sticky":false,"template":"","format":"standard","meta":{"footnotes":""},"categories":[1],"tags":[],"class_list":["post-3392","post","type-post","status-publish","format-standard","hentry","category-sin-categoria"],"_links":{"self":[{"href":"https:\/\/www.proyectohombreprovinciacadiz.org\/index.php\/wp-json\/wp\/v2\/posts\/3392","targetHints":{"allow":["GET"]}}],"collection":[{"href":"https:\/\/www.proyectohombreprovinciacadiz.org\/index.php\/wp-json\/wp\/v2\/posts"}],"about":[{"href":"https:\/\/www.proyectohombreprovinciacadiz.org\/index.php\/wp-json\/wp\/v2\/types\/post"}],"author":[{"embeddable":true,"href":"https:\/\/www.proyectohombreprovinciacadiz.org\/index.php\/wp-json\/wp\/v2\/users\/2"}],"replies":[{"embeddable":true,"href":"https:\/\/www.proyectohombreprovinciacadiz.org\/index.php\/wp-json\/wp\/v2\/comments?post=3392"}],"version-history":[{"count":1,"href":"https:\/\/www.proyectohombreprovinciacadiz.org\/index.php\/wp-json\/wp\/v2\/posts\/3392\/revisions"}],"predecessor-version":[{"id":3396,"href":"https:\/\/www.proyectohombreprovinciacadiz.org\/index.php\/wp-json\/wp\/v2\/posts\/3392\/revisions\/3396"}],"wp:attachment":[{"href":"https:\/\/www.proyectohombreprovinciacadiz.org\/index.php\/wp-json\/wp\/v2\/media?parent=3392"}],"wp:term":[{"taxonomy":"category","embeddable":true,"href":"https:\/\/www.proyectohombreprovinciacadiz.org\/index.php\/wp-json\/wp\/v2\/categories?post=3392"},{"taxonomy":"post_tag","embeddable":true,"href":"https:\/\/www.proyectohombreprovinciacadiz.org\/index.php\/wp-json\/wp\/v2\/tags?post=3392"}],"curies":[{"name":"wp","href":"https:\/\/api.w.org\/{rel}","templated":true}]}}