{"id":3554,"date":"2024-06-26T13:18:47","date_gmt":"2024-06-26T11:18:47","guid":{"rendered":"https:\/\/www.proyectohombreprovinciacadiz.org\/?p=3554"},"modified":"2024-06-26T13:18:47","modified_gmt":"2024-06-26T11:18:47","slug":"programa-de-apoyo-participa-en-el-programa-directo-a-ti","status":"publish","type":"post","link":"https:\/\/www.proyectohombreprovinciacadiz.org\/index.php\/2024\/06\/26\/programa-de-apoyo-participa-en-el-programa-directo-a-ti\/","title":{"rendered":"Programa de apoyo participa en el programa \u201cDirecto a ti\u201d"},"content":{"rendered":"\n<p>El 21 de junio, con motivo del d\u00eda internacional de la lucha contra el uso indebido y el tr\u00e1fico il\u00edcito de drogas (que se celebra el 26 de junio), asistieron al programa de Onda Jerez, \u201cDirecto a ti\u201d personas usuarias y familias del programa de Apoyo, acompa\u00f1ados de Sonia Pe\u00f1a, su coordinadora.<\/p>\n\n\n\n<p>En este espacio se abordaron varias cuestiones, entre otras el perfil medio de la persona que acude a nuestro centro solicitando ayuda, el aumento de la demanda por parte de las mujeres en los dos \u00faltimos a\u00f1os y finalmente se habl\u00f3 de qu\u00e9 es Programa de Apoyo, con el objetivo de darle visibilidad y difusi\u00f3n.<\/p>\n\n\n\n<p>Puedes ver la entrevista en el siguiente enlace, a parir del minuto 01:36:00<\/p>\n\n\n\n<figure class=\"wp-block-embed is-type-video is-provider-youtube wp-block-embed-youtube wp-embed-aspect-16-9 wp-has-aspect-ratio\"><div class=\"wp-block-embed__wrapper\">\n<iframe title=\"DIRECTO A TI T01xP153 - VIERNES 21.06.2024\" width=\"1200\" height=\"675\" src=\"https:\/\/www.youtube.com\/embed\/FQtD4_LDFb0?feature=oembed\" frameborder=\"0\" allow=\"accelerometer; autoplay; clipboard-write; encrypted-media; gyroscope; picture-in-picture; web-share\" referrerpolicy=\"strict-origin-when-cross-origin\" allowfullscreen><\/iframe>\n<\/div><\/figure>\n","protected":false},"excerpt":{"rendered":"<p>El 21 de junio, con motivo del d\u00eda internacional de la lucha contra el uso indebido y el tr\u00e1fico il\u00edcito de drogas (que se celebra el 26 de junio), asistieron al programa de Onda Jerez, \u201cDirecto a ti\u201d personas usuarias y familias del programa de Apoyo, acompa\u00f1ados de Sonia Pe\u00f1a, su coordinadora. En este espacio &#8230; <a title=\"Programa de apoyo participa en el programa \u201cDirecto a ti\u201d\" class=\"read-more\" href=\"https:\/\/www.proyectohombreprovinciacadiz.org\/index.php\/2024\/06\/26\/programa-de-apoyo-participa-en-el-programa-directo-a-ti\/\" aria-label=\"M\u00e1s en Programa de apoyo participa en el programa \u201cDirecto a ti\u201d\">Leer m\u00e1s<\/a><\/p>\n","protected":false},"author":2,"featured_media":0,"comment_status":"closed","ping_status":"closed","sticky":false,"template":"","format":"standard","meta":{"footnotes":""},"categories":[1],"tags":[],"class_list":["post-3554","post","type-post","status-publish","format-standard","hentry","category-sin-categoria"],"_links":{"self":[{"href":"https:\/\/www.proyectohombreprovinciacadiz.org\/index.php\/wp-json\/wp\/v2\/posts\/3554","targetHints":{"allow":["GET"]}}],"collection":[{"href":"https:\/\/www.proyectohombreprovinciacadiz.org\/index.php\/wp-json\/wp\/v2\/posts"}],"about":[{"href":"https:\/\/www.proyectohombreprovinciacadiz.org\/index.php\/wp-json\/wp\/v2\/types\/post"}],"author":[{"embeddable":true,"href":"https:\/\/www.proyectohombreprovinciacadiz.org\/index.php\/wp-json\/wp\/v2\/users\/2"}],"replies":[{"embeddable":true,"href":"https:\/\/www.proyectohombreprovinciacadiz.org\/index.php\/wp-json\/wp\/v2\/comments?post=3554"}],"version-history":[{"count":1,"href":"https:\/\/www.proyectohombreprovinciacadiz.org\/index.php\/wp-json\/wp\/v2\/posts\/3554\/revisions"}],"predecessor-version":[{"id":3555,"href":"https:\/\/www.proyectohombreprovinciacadiz.org\/index.php\/wp-json\/wp\/v2\/posts\/3554\/revisions\/3555"}],"wp:attachment":[{"href":"https:\/\/www.proyectohombreprovinciacadiz.org\/index.php\/wp-json\/wp\/v2\/media?parent=3554"}],"wp:term":[{"taxonomy":"category","embeddable":true,"href":"https:\/\/www.proyectohombreprovinciacadiz.org\/index.php\/wp-json\/wp\/v2\/categories?post=3554"},{"taxonomy":"post_tag","embeddable":true,"href":"https:\/\/www.proyectohombreprovinciacadiz.org\/index.php\/wp-json\/wp\/v2\/tags?post=3554"}],"curies":[{"name":"wp","href":"https:\/\/api.w.org\/{rel}","templated":true}]}}