{"id":3556,"date":"2024-06-26T13:59:08","date_gmt":"2024-06-26T11:59:08","guid":{"rendered":"https:\/\/www.proyectohombreprovinciacadiz.org\/?p=3556"},"modified":"2024-06-26T13:59:08","modified_gmt":"2024-06-26T11:59:08","slug":"nueva-sesion-de-la-escuela-de-formacion-para-el-voluntariado-de-proyecto-hombre-provincia-de-cadiz","status":"publish","type":"post","link":"https:\/\/www.proyectohombreprovinciacadiz.org\/index.php\/2024\/06\/26\/nueva-sesion-de-la-escuela-de-formacion-para-el-voluntariado-de-proyecto-hombre-provincia-de-cadiz\/","title":{"rendered":"Nueva sesi\u00f3n de la escuela de formaci\u00f3n para el voluntariado de Proyecto Hombre provincia de C\u00e1diz"},"content":{"rendered":"\n<p>Bajo el t\u00edtulo \u201c\u00bfC\u00f3mo me comunico?\u201d el voluntariado de nuestra entidad acudi\u00f3 a una nueva jornada de formaci\u00f3n. En ella continuamos abordando el trabajo con la identificaci\u00f3n de las emociones y como \u00e9stas se ponen en juego en los distintos modelos de comunicaci\u00f3n.<\/p>\n\n\n\n<p>Una sesi\u00f3n muy necesaria si tenemos en cuenta la labor que realizan voluntarias y voluntarios en el acompa\u00f1amiento a personas usuarias y familias, pero tambien en otros sectores del voluntariado. Las personas asistentes agradecieron una vez m\u00e1s, poder seguir conociendo la base del enfoque bio psico social, desde el que trabajamos y a Luis Bononato, director de nuestra entidad, la disponibilidad y el trabajo, ejerciendo como ponente en esta nueva sesi\u00f3n de la Escuela de formaci\u00f3n para el voluntariado.<\/p>\n\n\n\n<p>Esta actividad forma parte del \u201cPrograma de sensibilizaci\u00f3n, promoci\u00f3n y formaci\u00f3n del voluntariado.\u201d que se lleva a en colaboraci\u00f3n con la Consejer\u00eda de Inclusi\u00f3n, Juventud, Familia e Igualdad, de la Junta de Andaluc\u00eda, por la asignaci\u00f3n tributaria del 0,7% del IRPF para entidades privadas de inter\u00e9s general.<\/p>\n\n\n\n<figure class=\"wp-block-image size-large\"><img fetchpriority=\"high\" decoding=\"async\" width=\"1024\" height=\"877\" src=\"https:\/\/www.proyectohombreprovinciacadiz.org\/wp-content\/uploads\/2024\/06\/foto-IRPF-1024x877.png\" alt=\"\" class=\"wp-image-3557\" srcset=\"https:\/\/www.proyectohombreprovinciacadiz.org\/wp-content\/uploads\/2024\/06\/foto-IRPF-1024x877.png 1024w, https:\/\/www.proyectohombreprovinciacadiz.org\/wp-content\/uploads\/2024\/06\/foto-IRPF-300x257.png 300w, https:\/\/www.proyectohombreprovinciacadiz.org\/wp-content\/uploads\/2024\/06\/foto-IRPF-768x658.png 768w, https:\/\/www.proyectohombreprovinciacadiz.org\/wp-content\/uploads\/2024\/06\/foto-IRPF-1536x1315.png 1536w, https:\/\/www.proyectohombreprovinciacadiz.org\/wp-content\/uploads\/2024\/06\/foto-IRPF.png 1726w\" sizes=\"(max-width: 1024px) 100vw, 1024px\" \/><\/figure>\n","protected":false},"excerpt":{"rendered":"<p>Bajo el t\u00edtulo \u201c\u00bfC\u00f3mo me comunico?\u201d el voluntariado de nuestra entidad acudi\u00f3 a una nueva jornada de formaci\u00f3n. En ella continuamos abordando el trabajo con la identificaci\u00f3n de las emociones y como \u00e9stas se ponen en juego en los distintos modelos de comunicaci\u00f3n. Una sesi\u00f3n muy necesaria si tenemos en cuenta la labor que realizan &#8230; <a title=\"Nueva sesi\u00f3n de la escuela de formaci\u00f3n para el voluntariado de Proyecto Hombre provincia de C\u00e1diz\" class=\"read-more\" href=\"https:\/\/www.proyectohombreprovinciacadiz.org\/index.php\/2024\/06\/26\/nueva-sesion-de-la-escuela-de-formacion-para-el-voluntariado-de-proyecto-hombre-provincia-de-cadiz\/\" aria-label=\"M\u00e1s en Nueva sesi\u00f3n de la escuela de formaci\u00f3n para el voluntariado de Proyecto Hombre provincia de C\u00e1diz\">Leer m\u00e1s<\/a><\/p>\n","protected":false},"author":2,"featured_media":0,"comment_status":"closed","ping_status":"closed","sticky":false,"template":"","format":"standard","meta":{"footnotes":""},"categories":[1],"tags":[],"class_list":["post-3556","post","type-post","status-publish","format-standard","hentry","category-sin-categoria"],"_links":{"self":[{"href":"https:\/\/www.proyectohombreprovinciacadiz.org\/index.php\/wp-json\/wp\/v2\/posts\/3556","targetHints":{"allow":["GET"]}}],"collection":[{"href":"https:\/\/www.proyectohombreprovinciacadiz.org\/index.php\/wp-json\/wp\/v2\/posts"}],"about":[{"href":"https:\/\/www.proyectohombreprovinciacadiz.org\/index.php\/wp-json\/wp\/v2\/types\/post"}],"author":[{"embeddable":true,"href":"https:\/\/www.proyectohombreprovinciacadiz.org\/index.php\/wp-json\/wp\/v2\/users\/2"}],"replies":[{"embeddable":true,"href":"https:\/\/www.proyectohombreprovinciacadiz.org\/index.php\/wp-json\/wp\/v2\/comments?post=3556"}],"version-history":[{"count":1,"href":"https:\/\/www.proyectohombreprovinciacadiz.org\/index.php\/wp-json\/wp\/v2\/posts\/3556\/revisions"}],"predecessor-version":[{"id":3558,"href":"https:\/\/www.proyectohombreprovinciacadiz.org\/index.php\/wp-json\/wp\/v2\/posts\/3556\/revisions\/3558"}],"wp:attachment":[{"href":"https:\/\/www.proyectohombreprovinciacadiz.org\/index.php\/wp-json\/wp\/v2\/media?parent=3556"}],"wp:term":[{"taxonomy":"category","embeddable":true,"href":"https:\/\/www.proyectohombreprovinciacadiz.org\/index.php\/wp-json\/wp\/v2\/categories?post=3556"},{"taxonomy":"post_tag","embeddable":true,"href":"https:\/\/www.proyectohombreprovinciacadiz.org\/index.php\/wp-json\/wp\/v2\/tags?post=3556"}],"curies":[{"name":"wp","href":"https:\/\/api.w.org\/{rel}","templated":true}]}}