{"id":3571,"date":"2024-07-04T18:28:54","date_gmt":"2024-07-04T16:28:54","guid":{"rendered":"https:\/\/www.proyectohombreprovinciacadiz.org\/?p=3571"},"modified":"2024-07-04T18:28:55","modified_gmt":"2024-07-04T16:28:55","slug":"curso-experto-universitario","status":"publish","type":"post","link":"https:\/\/www.proyectohombreprovinciacadiz.org\/index.php\/2024\/07\/04\/curso-experto-universitario\/","title":{"rendered":"\u00a1\u00a1CURSO EXPERTO UNIVERSITARIO!!"},"content":{"rendered":"\n<p>La Universidad de C\u00e1diz lanza un curso experto universitario en el que Proyecto Hombre provincia de C\u00e1diz participa junto con otros\/as 14 profesionales del sector social y educativo.<\/p>\n\n\n\n<p>La formaci\u00f3n va dirigida a la adquisici\u00f3n de herramientas e informaci\u00f3n para afrontar los retos de educar en la sociedad actual, aprendiendo nuevas f\u00f3rmulas para ello.<\/p>\n\n\n\n<p>Modalidad: h\u00edbrida.<\/p>\n\n\n\n<p>525 horas de formaci\u00f3n (21 cr\u00e9ditos ECTS).<\/p>\n\n\n\n<p>Precio: 862 \u20ac (posibilidad de cursas por m\u00f3dulos).<\/p>\n\n\n\n<p>M\u00e1s informaci\u00f3n y matr\u00edcula en: <a href=\"https:\/\/formacion.fueca.es\/?curso=hcu24189_curso-en-educacion-e-innovacion-educativa-hacia-los-retos-de-la-sociedad-actual\">https:\/\/formacion.fueca.es\/?curso=hcu24189_curso-en-educacion-e-innovacion-educativa-hacia-los-retos-de-la-sociedad-actual<\/a><\/p>\n\n\n\n<figure class=\"wp-block-image size-full\"><img fetchpriority=\"high\" decoding=\"async\" width=\"477\" height=\"362\" src=\"https:\/\/www.proyectohombreprovinciacadiz.org\/wp-content\/uploads\/2024\/07\/Curso-experto-UCA.jpg\" alt=\"\" class=\"wp-image-3572\" srcset=\"https:\/\/www.proyectohombreprovinciacadiz.org\/wp-content\/uploads\/2024\/07\/Curso-experto-UCA.jpg 477w, https:\/\/www.proyectohombreprovinciacadiz.org\/wp-content\/uploads\/2024\/07\/Curso-experto-UCA-300x228.jpg 300w\" sizes=\"(max-width: 477px) 100vw, 477px\" \/><\/figure>\n","protected":false},"excerpt":{"rendered":"<p>La Universidad de C\u00e1diz lanza un curso experto universitario en el que Proyecto Hombre provincia de C\u00e1diz participa junto con otros\/as 14 profesionales del sector social y educativo. La formaci\u00f3n va dirigida a la adquisici\u00f3n de herramientas e informaci\u00f3n para afrontar los retos de educar en la sociedad actual, aprendiendo nuevas f\u00f3rmulas para ello. Modalidad: &#8230; <a title=\"\u00a1\u00a1CURSO EXPERTO UNIVERSITARIO!!\" class=\"read-more\" href=\"https:\/\/www.proyectohombreprovinciacadiz.org\/index.php\/2024\/07\/04\/curso-experto-universitario\/\" aria-label=\"M\u00e1s en \u00a1\u00a1CURSO EXPERTO UNIVERSITARIO!!\">Leer m\u00e1s<\/a><\/p>\n","protected":false},"author":2,"featured_media":0,"comment_status":"closed","ping_status":"closed","sticky":false,"template":"","format":"standard","meta":{"footnotes":""},"categories":[1],"tags":[],"class_list":["post-3571","post","type-post","status-publish","format-standard","hentry","category-sin-categoria"],"_links":{"self":[{"href":"https:\/\/www.proyectohombreprovinciacadiz.org\/index.php\/wp-json\/wp\/v2\/posts\/3571","targetHints":{"allow":["GET"]}}],"collection":[{"href":"https:\/\/www.proyectohombreprovinciacadiz.org\/index.php\/wp-json\/wp\/v2\/posts"}],"about":[{"href":"https:\/\/www.proyectohombreprovinciacadiz.org\/index.php\/wp-json\/wp\/v2\/types\/post"}],"author":[{"embeddable":true,"href":"https:\/\/www.proyectohombreprovinciacadiz.org\/index.php\/wp-json\/wp\/v2\/users\/2"}],"replies":[{"embeddable":true,"href":"https:\/\/www.proyectohombreprovinciacadiz.org\/index.php\/wp-json\/wp\/v2\/comments?post=3571"}],"version-history":[{"count":1,"href":"https:\/\/www.proyectohombreprovinciacadiz.org\/index.php\/wp-json\/wp\/v2\/posts\/3571\/revisions"}],"predecessor-version":[{"id":3573,"href":"https:\/\/www.proyectohombreprovinciacadiz.org\/index.php\/wp-json\/wp\/v2\/posts\/3571\/revisions\/3573"}],"wp:attachment":[{"href":"https:\/\/www.proyectohombreprovinciacadiz.org\/index.php\/wp-json\/wp\/v2\/media?parent=3571"}],"wp:term":[{"taxonomy":"category","embeddable":true,"href":"https:\/\/www.proyectohombreprovinciacadiz.org\/index.php\/wp-json\/wp\/v2\/categories?post=3571"},{"taxonomy":"post_tag","embeddable":true,"href":"https:\/\/www.proyectohombreprovinciacadiz.org\/index.php\/wp-json\/wp\/v2\/tags?post=3571"}],"curies":[{"name":"wp","href":"https:\/\/api.w.org\/{rel}","templated":true}]}}