{"id":3864,"date":"2024-11-08T08:00:00","date_gmt":"2024-11-08T07:00:00","guid":{"rendered":"https:\/\/www.proyectohombreprovinciacadiz.org\/?p=3864"},"modified":"2024-11-06T08:42:20","modified_gmt":"2024-11-06T07:42:20","slug":"ii-gala-lirica-solidaria-a-beneficio-de-proyecto-hombre-en-el-teatro-villamarta","status":"publish","type":"post","link":"https:\/\/www.proyectohombreprovinciacadiz.org\/index.php\/2024\/11\/08\/ii-gala-lirica-solidaria-a-beneficio-de-proyecto-hombre-en-el-teatro-villamarta\/","title":{"rendered":"II Gala L\u00edrica Solidaria a beneficio de Proyecto Hombre en El teatro Villamarta:"},"content":{"rendered":"\n<p><em>1 de diciembre a las 20:00h.<\/em><\/p>\n\n\n\n<p><em>Mariola Cantarero, Juana Castillo, Maribel Ortega, Dami\u00e1n del Castillo, Antonio V\u00e1zquez y Antonio L\u00f3pez, al piano.<\/em><\/p>\n\n\n\n<p><em>Venta de entradas en Teatro Villamarta y Tickentradas<\/em><\/p>\n\n\n<div class=\"wp-block-image\">\n<figure class=\"aligncenter size-full\"><img fetchpriority=\"high\" decoding=\"async\" width=\"432\" height=\"432\" src=\"https:\/\/www.proyectohombreprovinciacadiz.org\/wp-content\/uploads\/2024\/11\/Cartel-gala-RRSS.jpg\" alt=\"\" class=\"wp-image-3865\" srcset=\"https:\/\/www.proyectohombreprovinciacadiz.org\/wp-content\/uploads\/2024\/11\/Cartel-gala-RRSS.jpg 432w, https:\/\/www.proyectohombreprovinciacadiz.org\/wp-content\/uploads\/2024\/11\/Cartel-gala-RRSS-300x300.jpg 300w, https:\/\/www.proyectohombreprovinciacadiz.org\/wp-content\/uploads\/2024\/11\/Cartel-gala-RRSS-150x150.jpg 150w\" sizes=\"(max-width: 432px) 100vw, 432px\" \/><\/figure><\/div>","protected":false},"excerpt":{"rendered":"<p>1 de diciembre a las 20:00h. Mariola Cantarero, Juana Castillo, Maribel Ortega, Dami\u00e1n del Castillo, Antonio V\u00e1zquez y Antonio L\u00f3pez, al piano. Venta de entradas en Teatro Villamarta y Tickentradas<\/p>\n","protected":false},"author":2,"featured_media":0,"comment_status":"closed","ping_status":"closed","sticky":false,"template":"","format":"standard","meta":{"footnotes":""},"categories":[1],"tags":[],"class_list":["post-3864","post","type-post","status-publish","format-standard","hentry","category-sin-categoria"],"_links":{"self":[{"href":"https:\/\/www.proyectohombreprovinciacadiz.org\/index.php\/wp-json\/wp\/v2\/posts\/3864","targetHints":{"allow":["GET"]}}],"collection":[{"href":"https:\/\/www.proyectohombreprovinciacadiz.org\/index.php\/wp-json\/wp\/v2\/posts"}],"about":[{"href":"https:\/\/www.proyectohombreprovinciacadiz.org\/index.php\/wp-json\/wp\/v2\/types\/post"}],"author":[{"embeddable":true,"href":"https:\/\/www.proyectohombreprovinciacadiz.org\/index.php\/wp-json\/wp\/v2\/users\/2"}],"replies":[{"embeddable":true,"href":"https:\/\/www.proyectohombreprovinciacadiz.org\/index.php\/wp-json\/wp\/v2\/comments?post=3864"}],"version-history":[{"count":1,"href":"https:\/\/www.proyectohombreprovinciacadiz.org\/index.php\/wp-json\/wp\/v2\/posts\/3864\/revisions"}],"predecessor-version":[{"id":3866,"href":"https:\/\/www.proyectohombreprovinciacadiz.org\/index.php\/wp-json\/wp\/v2\/posts\/3864\/revisions\/3866"}],"wp:attachment":[{"href":"https:\/\/www.proyectohombreprovinciacadiz.org\/index.php\/wp-json\/wp\/v2\/media?parent=3864"}],"wp:term":[{"taxonomy":"category","embeddable":true,"href":"https:\/\/www.proyectohombreprovinciacadiz.org\/index.php\/wp-json\/wp\/v2\/categories?post=3864"},{"taxonomy":"post_tag","embeddable":true,"href":"https:\/\/www.proyectohombreprovinciacadiz.org\/index.php\/wp-json\/wp\/v2\/tags?post=3864"}],"curies":[{"name":"wp","href":"https:\/\/api.w.org\/{rel}","templated":true}]}}