{"id":3870,"date":"2024-11-08T12:46:32","date_gmt":"2024-11-08T11:46:32","guid":{"rendered":"https:\/\/www.proyectohombreprovinciacadiz.org\/?p=3870"},"modified":"2024-11-08T12:46:32","modified_gmt":"2024-11-08T11:46:32","slug":"colaboracion-de-la-asociacion-2034-2","status":"publish","type":"post","link":"https:\/\/www.proyectohombreprovinciacadiz.org\/index.php\/2024\/11\/08\/colaboracion-de-la-asociacion-2034-2\/","title":{"rendered":"Colaboraci\u00f3n de la Asociaci\u00f3n 2034"},"content":{"rendered":"\n<p>Alfonso Almagro Asencio, presidente de la Asociaci\u00f3n 2034 hizo entrega de la colaboraci\u00f3n que nuevamente han realizado a nuestra entidad.<\/p>\n\n\n\n<p>Al acto asisti\u00f3 Luis Bononato, acompa\u00f1ado de Juan Garc\u00eda Cantero, voluntario de Proyecto Hombre.<\/p>\n\n\n\n<p>Nuestro agradecimiento a la Asociaci\u00f3n 2034 por seguir apoyando nuestros programas.<\/p>\n\n\n\n<figure class=\"wp-block-image size-large\"><img fetchpriority=\"high\" decoding=\"async\" width=\"852\" height=\"1024\" src=\"https:\/\/www.proyectohombreprovinciacadiz.org\/wp-content\/uploads\/2024\/11\/Imagen-de-WhatsApp-2024-11-07-a-las-14.36.29_b81e4ce8-852x1024.jpg\" alt=\"\" class=\"wp-image-3871\" srcset=\"https:\/\/www.proyectohombreprovinciacadiz.org\/wp-content\/uploads\/2024\/11\/Imagen-de-WhatsApp-2024-11-07-a-las-14.36.29_b81e4ce8-852x1024.jpg 852w, https:\/\/www.proyectohombreprovinciacadiz.org\/wp-content\/uploads\/2024\/11\/Imagen-de-WhatsApp-2024-11-07-a-las-14.36.29_b81e4ce8-250x300.jpg 250w, https:\/\/www.proyectohombreprovinciacadiz.org\/wp-content\/uploads\/2024\/11\/Imagen-de-WhatsApp-2024-11-07-a-las-14.36.29_b81e4ce8-768x923.jpg 768w, https:\/\/www.proyectohombreprovinciacadiz.org\/wp-content\/uploads\/2024\/11\/Imagen-de-WhatsApp-2024-11-07-a-las-14.36.29_b81e4ce8-1278x1536.jpg 1278w, https:\/\/www.proyectohombreprovinciacadiz.org\/wp-content\/uploads\/2024\/11\/Imagen-de-WhatsApp-2024-11-07-a-las-14.36.29_b81e4ce8.jpg 1331w\" sizes=\"(max-width: 852px) 100vw, 852px\" \/><\/figure>\n","protected":false},"excerpt":{"rendered":"<p>Alfonso Almagro Asencio, presidente de la Asociaci\u00f3n 2034 hizo entrega de la colaboraci\u00f3n que nuevamente han realizado a nuestra entidad. Al acto asisti\u00f3 Luis Bononato, acompa\u00f1ado de Juan Garc\u00eda Cantero, voluntario de Proyecto Hombre. Nuestro agradecimiento a la Asociaci\u00f3n 2034 por seguir apoyando nuestros programas.<\/p>\n","protected":false},"author":2,"featured_media":0,"comment_status":"closed","ping_status":"closed","sticky":false,"template":"","format":"standard","meta":{"footnotes":""},"categories":[1],"tags":[],"class_list":["post-3870","post","type-post","status-publish","format-standard","hentry","category-sin-categoria"],"_links":{"self":[{"href":"https:\/\/www.proyectohombreprovinciacadiz.org\/index.php\/wp-json\/wp\/v2\/posts\/3870","targetHints":{"allow":["GET"]}}],"collection":[{"href":"https:\/\/www.proyectohombreprovinciacadiz.org\/index.php\/wp-json\/wp\/v2\/posts"}],"about":[{"href":"https:\/\/www.proyectohombreprovinciacadiz.org\/index.php\/wp-json\/wp\/v2\/types\/post"}],"author":[{"embeddable":true,"href":"https:\/\/www.proyectohombreprovinciacadiz.org\/index.php\/wp-json\/wp\/v2\/users\/2"}],"replies":[{"embeddable":true,"href":"https:\/\/www.proyectohombreprovinciacadiz.org\/index.php\/wp-json\/wp\/v2\/comments?post=3870"}],"version-history":[{"count":1,"href":"https:\/\/www.proyectohombreprovinciacadiz.org\/index.php\/wp-json\/wp\/v2\/posts\/3870\/revisions"}],"predecessor-version":[{"id":3872,"href":"https:\/\/www.proyectohombreprovinciacadiz.org\/index.php\/wp-json\/wp\/v2\/posts\/3870\/revisions\/3872"}],"wp:attachment":[{"href":"https:\/\/www.proyectohombreprovinciacadiz.org\/index.php\/wp-json\/wp\/v2\/media?parent=3870"}],"wp:term":[{"taxonomy":"category","embeddable":true,"href":"https:\/\/www.proyectohombreprovinciacadiz.org\/index.php\/wp-json\/wp\/v2\/categories?post=3870"},{"taxonomy":"post_tag","embeddable":true,"href":"https:\/\/www.proyectohombreprovinciacadiz.org\/index.php\/wp-json\/wp\/v2\/tags?post=3870"}],"curies":[{"name":"wp","href":"https:\/\/api.w.org\/{rel}","templated":true}]}}