{"id":4281,"date":"2025-11-12T09:55:25","date_gmt":"2025-11-12T08:55:25","guid":{"rendered":"https:\/\/www.proyectohombreprovinciacadiz.org\/?p=4281"},"modified":"2025-11-10T09:56:40","modified_gmt":"2025-11-10T08:56:40","slug":"la-fundacion-unicaja-con-las-entidades-sociales","status":"publish","type":"post","link":"https:\/\/www.proyectohombreprovinciacadiz.org\/index.php\/2025\/11\/12\/la-fundacion-unicaja-con-las-entidades-sociales\/","title":{"rendered":"La fundaci\u00f3n Unicaja con las entidades Sociales."},"content":{"rendered":"\n<p>El 31 de octubre participamos en una jornada informativa a cargo de la Fundaci\u00f3n Unicaja sobre las bases de la nueva convocatoria de proyectos de Acci\u00f3n Social y Medioambiente.<\/p>\n\n\n\n<p>El encuentro, al que asisti\u00f3 Luis Bononato, tuvo como objetivo explicar los criterios, plazos y procedimientos para la presentaci\u00f3n de dichas ayudas. Este encuentro&nbsp;termin\u00f3 con un desayuno-networking&nbsp;para intercambiar ideas, experiencias y crear posibles sinergias&nbsp;entre las entidades asistentes.<\/p>\n\n\n\n<p>Agradecer a Javier Vela, Responsable de Fundaci\u00f3n Unicaja C\u00e1diz, la invitaci\u00f3n a esta jornada, asi como su apoyo e inter\u00e9s por los fines que perseguimos las entidades sociales de la provincia.<\/p>\n\n\n\n<figure class=\"wp-block-image size-large\"><img fetchpriority=\"high\" decoding=\"async\" width=\"1024\" height=\"769\" src=\"https:\/\/www.proyectohombreprovinciacadiz.org\/wp-content\/uploads\/2025\/11\/IMG-20251031-WA0000-1024x769.jpg\" alt=\"\" class=\"wp-image-4282\" srcset=\"https:\/\/www.proyectohombreprovinciacadiz.org\/wp-content\/uploads\/2025\/11\/IMG-20251031-WA0000-1024x769.jpg 1024w, https:\/\/www.proyectohombreprovinciacadiz.org\/wp-content\/uploads\/2025\/11\/IMG-20251031-WA0000-300x225.jpg 300w, https:\/\/www.proyectohombreprovinciacadiz.org\/wp-content\/uploads\/2025\/11\/IMG-20251031-WA0000-768x577.jpg 768w, https:\/\/www.proyectohombreprovinciacadiz.org\/wp-content\/uploads\/2025\/11\/IMG-20251031-WA0000-1536x1154.jpg 1536w, https:\/\/www.proyectohombreprovinciacadiz.org\/wp-content\/uploads\/2025\/11\/IMG-20251031-WA0000.jpg 1640w\" sizes=\"(max-width: 1024px) 100vw, 1024px\" \/><\/figure>\n","protected":false},"excerpt":{"rendered":"<p>El 31 de octubre participamos en una jornada informativa a cargo de la Fundaci\u00f3n Unicaja sobre las bases de la nueva convocatoria de proyectos de Acci\u00f3n Social y Medioambiente. El encuentro, al que asisti\u00f3 Luis Bononato, tuvo como objetivo explicar los criterios, plazos y procedimientos para la presentaci\u00f3n de dichas ayudas. Este encuentro&nbsp;termin\u00f3 con un &#8230; <a title=\"La fundaci\u00f3n Unicaja con las entidades Sociales.\" class=\"read-more\" href=\"https:\/\/www.proyectohombreprovinciacadiz.org\/index.php\/2025\/11\/12\/la-fundacion-unicaja-con-las-entidades-sociales\/\" aria-label=\"M\u00e1s en La fundaci\u00f3n Unicaja con las entidades Sociales.\">Leer m\u00e1s<\/a><\/p>\n","protected":false},"author":2,"featured_media":0,"comment_status":"closed","ping_status":"closed","sticky":false,"template":"","format":"standard","meta":{"footnotes":""},"categories":[1],"tags":[],"class_list":["post-4281","post","type-post","status-publish","format-standard","hentry","category-sin-categoria"],"_links":{"self":[{"href":"https:\/\/www.proyectohombreprovinciacadiz.org\/index.php\/wp-json\/wp\/v2\/posts\/4281","targetHints":{"allow":["GET"]}}],"collection":[{"href":"https:\/\/www.proyectohombreprovinciacadiz.org\/index.php\/wp-json\/wp\/v2\/posts"}],"about":[{"href":"https:\/\/www.proyectohombreprovinciacadiz.org\/index.php\/wp-json\/wp\/v2\/types\/post"}],"author":[{"embeddable":true,"href":"https:\/\/www.proyectohombreprovinciacadiz.org\/index.php\/wp-json\/wp\/v2\/users\/2"}],"replies":[{"embeddable":true,"href":"https:\/\/www.proyectohombreprovinciacadiz.org\/index.php\/wp-json\/wp\/v2\/comments?post=4281"}],"version-history":[{"count":1,"href":"https:\/\/www.proyectohombreprovinciacadiz.org\/index.php\/wp-json\/wp\/v2\/posts\/4281\/revisions"}],"predecessor-version":[{"id":4283,"href":"https:\/\/www.proyectohombreprovinciacadiz.org\/index.php\/wp-json\/wp\/v2\/posts\/4281\/revisions\/4283"}],"wp:attachment":[{"href":"https:\/\/www.proyectohombreprovinciacadiz.org\/index.php\/wp-json\/wp\/v2\/media?parent=4281"}],"wp:term":[{"taxonomy":"category","embeddable":true,"href":"https:\/\/www.proyectohombreprovinciacadiz.org\/index.php\/wp-json\/wp\/v2\/categories?post=4281"},{"taxonomy":"post_tag","embeddable":true,"href":"https:\/\/www.proyectohombreprovinciacadiz.org\/index.php\/wp-json\/wp\/v2\/tags?post=4281"}],"curies":[{"name":"wp","href":"https:\/\/api.w.org\/{rel}","templated":true}]}}