{"id":4296,"date":"2025-11-13T08:59:14","date_gmt":"2025-11-13T07:59:14","guid":{"rendered":"https:\/\/www.proyectohombreprovinciacadiz.org\/?p=4296"},"modified":"2025-11-13T08:59:15","modified_gmt":"2025-11-13T07:59:15","slug":"reconocimiento-del-jerez-industrial-cf","status":"publish","type":"post","link":"https:\/\/www.proyectohombreprovinciacadiz.org\/index.php\/2025\/11\/13\/reconocimiento-del-jerez-industrial-cf\/","title":{"rendered":"Reconocimiento del Jerez Industrial CF"},"content":{"rendered":"\n<p>l pasado domingo 9 de noviembre, tras el encuentro entre el Jerez Industrial CF y el Rayo Sanluque\u00f1o en el Campo de la Juventud de Jerez, tuvimos el honor de recibir un homenaje muy especial por nuestra labor social.<\/p>\n\n\n\n<p>En representaci\u00f3n de nuestra entidad, Luis Bononato recogi\u00f3 una placa conmemorativa entregada por los dirigentes del club, con su presidente Rub\u00e9n Gonz\u00e1lez al frente.<\/p>\n\n\n\n<p>Queremos expresar nuestro m\u00e1s sincero agradecimiento al Jerez Industrial CF por este reconocimiento, que nos motiva a seguir trabajando con ilusi\u00f3n y compromiso en favor de quienes m\u00e1s lo necesitan.<\/p>\n\n\n\n<figure class=\"wp-block-image size-large\"><img fetchpriority=\"high\" decoding=\"async\" width=\"1024\" height=\"572\" src=\"https:\/\/www.proyectohombreprovinciacadiz.org\/wp-content\/uploads\/2025\/11\/foto-del-jerez-1024x572.jpg\" alt=\"\" class=\"wp-image-4297\" srcset=\"https:\/\/www.proyectohombreprovinciacadiz.org\/wp-content\/uploads\/2025\/11\/foto-del-jerez-1024x572.jpg 1024w, https:\/\/www.proyectohombreprovinciacadiz.org\/wp-content\/uploads\/2025\/11\/foto-del-jerez-300x168.jpg 300w, https:\/\/www.proyectohombreprovinciacadiz.org\/wp-content\/uploads\/2025\/11\/foto-del-jerez-768x429.jpg 768w, https:\/\/www.proyectohombreprovinciacadiz.org\/wp-content\/uploads\/2025\/11\/foto-del-jerez.jpg 1093w\" sizes=\"(max-width: 1024px) 100vw, 1024px\" \/><\/figure>\n","protected":false},"excerpt":{"rendered":"<p>l pasado domingo 9 de noviembre, tras el encuentro entre el Jerez Industrial CF y el Rayo Sanluque\u00f1o en el Campo de la Juventud de Jerez, tuvimos el honor de recibir un homenaje muy especial por nuestra labor social. En representaci\u00f3n de nuestra entidad, Luis Bononato recogi\u00f3 una placa conmemorativa entregada por los dirigentes del &#8230; <a title=\"Reconocimiento del Jerez Industrial CF\" class=\"read-more\" href=\"https:\/\/www.proyectohombreprovinciacadiz.org\/index.php\/2025\/11\/13\/reconocimiento-del-jerez-industrial-cf\/\" aria-label=\"M\u00e1s en Reconocimiento del Jerez Industrial CF\">Leer m\u00e1s<\/a><\/p>\n","protected":false},"author":2,"featured_media":0,"comment_status":"closed","ping_status":"closed","sticky":false,"template":"","format":"standard","meta":{"footnotes":""},"categories":[1],"tags":[],"class_list":["post-4296","post","type-post","status-publish","format-standard","hentry","category-sin-categoria"],"_links":{"self":[{"href":"https:\/\/www.proyectohombreprovinciacadiz.org\/index.php\/wp-json\/wp\/v2\/posts\/4296","targetHints":{"allow":["GET"]}}],"collection":[{"href":"https:\/\/www.proyectohombreprovinciacadiz.org\/index.php\/wp-json\/wp\/v2\/posts"}],"about":[{"href":"https:\/\/www.proyectohombreprovinciacadiz.org\/index.php\/wp-json\/wp\/v2\/types\/post"}],"author":[{"embeddable":true,"href":"https:\/\/www.proyectohombreprovinciacadiz.org\/index.php\/wp-json\/wp\/v2\/users\/2"}],"replies":[{"embeddable":true,"href":"https:\/\/www.proyectohombreprovinciacadiz.org\/index.php\/wp-json\/wp\/v2\/comments?post=4296"}],"version-history":[{"count":1,"href":"https:\/\/www.proyectohombreprovinciacadiz.org\/index.php\/wp-json\/wp\/v2\/posts\/4296\/revisions"}],"predecessor-version":[{"id":4298,"href":"https:\/\/www.proyectohombreprovinciacadiz.org\/index.php\/wp-json\/wp\/v2\/posts\/4296\/revisions\/4298"}],"wp:attachment":[{"href":"https:\/\/www.proyectohombreprovinciacadiz.org\/index.php\/wp-json\/wp\/v2\/media?parent=4296"}],"wp:term":[{"taxonomy":"category","embeddable":true,"href":"https:\/\/www.proyectohombreprovinciacadiz.org\/index.php\/wp-json\/wp\/v2\/categories?post=4296"},{"taxonomy":"post_tag","embeddable":true,"href":"https:\/\/www.proyectohombreprovinciacadiz.org\/index.php\/wp-json\/wp\/v2\/tags?post=4296"}],"curies":[{"name":"wp","href":"https:\/\/api.w.org\/{rel}","templated":true}]}}