{"id":4299,"date":"2025-11-13T09:14:16","date_gmt":"2025-11-13T08:14:16","guid":{"rendered":"https:\/\/www.proyectohombreprovinciacadiz.org\/?p=4299"},"modified":"2025-11-13T09:14:16","modified_gmt":"2025-11-13T08:14:16","slug":"escuela-de-otono-del-voluntariado-de-la-asociacion-proyecto-hombre-3","status":"publish","type":"post","link":"https:\/\/www.proyectohombreprovinciacadiz.org\/index.php\/2025\/11\/13\/escuela-de-otono-del-voluntariado-de-la-asociacion-proyecto-hombre-3\/","title":{"rendered":"Escuela de Oto\u00f1o del voluntariado de la Asociaci\u00f3n Proyecto Hombre"},"content":{"rendered":"\n<p>Del 7 al 9 de noviembre se ha celebrado en San Lorenzo de El Escorial, la XXII Escuela de oto\u00f1o, bajo el t\u00edtulo: \u201cContribuyendo al liderazgo\u201d, con la participaci\u00f3n de numerosa representaci\u00f3n del voluntariado de los distintos centros que conforman la Asociaci\u00f3n Proyecto Hombre a nivel nacional.<\/p>\n\n\n\n<p>Por parte de Proyecto Hombre provincia de C\u00e1diz han asistido: M\u00f3nica Izquierdo, Jorge Carretero, Jesus Ram\u00edrez y Rafael Ahumada.<\/p>\n\n\n\n<p>En palabras de una de las voluntarias que ha asistido: \u201cHemos aprendido sobre liderazgo, prop\u00f3sito, misi\u00f3n, confianza, relaci\u00f3n&#8230; Todo ello vinculado a c\u00f3mo poder ser l\u00edderes nosotros mismos, en nuestras vidas y en nuestros grupos con las personas usuarias y las familias que tengamos cerca.\u201d.<\/p>\n\n\n\n<p>\u201cUna experiencia incre\u00edble. Nos hemos tra\u00eddo el coraz\u00f3n lleno de Amor, cari\u00f1o, reconocimiento y esperanza en la mirada de cada persona y de cada Alma que hemos tenido el honor de tratar.\u201d<\/p>\n\n\n\n<p>\u201cLas historias de viaje sirven para poder conocer y saber de todos los que estuvimos presentes y as\u00ed abrazarnos todos, de alguna manera. Se ha hecho hincapi\u00e9 en el equipo y en el liderazgo desde el reconocimiento y el prop\u00f3sito\u201d.<\/p>\n\n\n\n<figure class=\"wp-block-gallery has-nested-images columns-default is-cropped wp-block-gallery-1 is-layout-flex wp-block-gallery-is-layout-flex\">\n<figure class=\"wp-block-image size-large\"><img fetchpriority=\"high\" decoding=\"async\" width=\"768\" height=\"1024\" data-id=\"4300\" src=\"https:\/\/www.proyectohombreprovinciacadiz.org\/wp-content\/uploads\/2025\/11\/Imagen-de-WhatsApp-2025-11-07-a-las-13.43.44_1d269264-768x1024.jpg\" alt=\"\" class=\"wp-image-4300\" srcset=\"https:\/\/www.proyectohombreprovinciacadiz.org\/wp-content\/uploads\/2025\/11\/Imagen-de-WhatsApp-2025-11-07-a-las-13.43.44_1d269264-768x1024.jpg 768w, https:\/\/www.proyectohombreprovinciacadiz.org\/wp-content\/uploads\/2025\/11\/Imagen-de-WhatsApp-2025-11-07-a-las-13.43.44_1d269264-225x300.jpg 225w, https:\/\/www.proyectohombreprovinciacadiz.org\/wp-content\/uploads\/2025\/11\/Imagen-de-WhatsApp-2025-11-07-a-las-13.43.44_1d269264-1152x1536.jpg 1152w, https:\/\/www.proyectohombreprovinciacadiz.org\/wp-content\/uploads\/2025\/11\/Imagen-de-WhatsApp-2025-11-07-a-las-13.43.44_1d269264.jpg 1200w\" sizes=\"(max-width: 768px) 100vw, 768px\" \/><\/figure>\n\n\n\n<figure class=\"wp-block-image size-large\"><img decoding=\"async\" width=\"768\" height=\"1024\" data-id=\"4301\" src=\"https:\/\/www.proyectohombreprovinciacadiz.org\/wp-content\/uploads\/2025\/11\/Imagen-de-WhatsApp-2025-11-09-a-las-13.45.35_05cda7d4-768x1024.jpg\" alt=\"\" class=\"wp-image-4301\" srcset=\"https:\/\/www.proyectohombreprovinciacadiz.org\/wp-content\/uploads\/2025\/11\/Imagen-de-WhatsApp-2025-11-09-a-las-13.45.35_05cda7d4-768x1024.jpg 768w, https:\/\/www.proyectohombreprovinciacadiz.org\/wp-content\/uploads\/2025\/11\/Imagen-de-WhatsApp-2025-11-09-a-las-13.45.35_05cda7d4-225x300.jpg 225w, https:\/\/www.proyectohombreprovinciacadiz.org\/wp-content\/uploads\/2025\/11\/Imagen-de-WhatsApp-2025-11-09-a-las-13.45.35_05cda7d4-1152x1536.jpg 1152w, https:\/\/www.proyectohombreprovinciacadiz.org\/wp-content\/uploads\/2025\/11\/Imagen-de-WhatsApp-2025-11-09-a-las-13.45.35_05cda7d4.jpg 1200w\" sizes=\"(max-width: 768px) 100vw, 768px\" \/><\/figure>\n\n\n\n<figure class=\"wp-block-image size-large\"><img decoding=\"async\" width=\"768\" height=\"1024\" data-id=\"4302\" src=\"https:\/\/www.proyectohombreprovinciacadiz.org\/wp-content\/uploads\/2025\/11\/Imagen-de-WhatsApp-2025-11-09-a-las-13.45.36_fe0c1a58-768x1024.jpg\" alt=\"\" class=\"wp-image-4302\" srcset=\"https:\/\/www.proyectohombreprovinciacadiz.org\/wp-content\/uploads\/2025\/11\/Imagen-de-WhatsApp-2025-11-09-a-las-13.45.36_fe0c1a58-768x1024.jpg 768w, https:\/\/www.proyectohombreprovinciacadiz.org\/wp-content\/uploads\/2025\/11\/Imagen-de-WhatsApp-2025-11-09-a-las-13.45.36_fe0c1a58-225x300.jpg 225w, https:\/\/www.proyectohombreprovinciacadiz.org\/wp-content\/uploads\/2025\/11\/Imagen-de-WhatsApp-2025-11-09-a-las-13.45.36_fe0c1a58-1152x1536.jpg 1152w, https:\/\/www.proyectohombreprovinciacadiz.org\/wp-content\/uploads\/2025\/11\/Imagen-de-WhatsApp-2025-11-09-a-las-13.45.36_fe0c1a58.jpg 1200w\" sizes=\"(max-width: 768px) 100vw, 768px\" \/><\/figure>\n<\/figure>\n","protected":false},"excerpt":{"rendered":"<p>Del 7 al 9 de noviembre se ha celebrado en San Lorenzo de El Escorial, la XXII Escuela de oto\u00f1o, bajo el t\u00edtulo: \u201cContribuyendo al liderazgo\u201d, con la participaci\u00f3n de numerosa representaci\u00f3n del voluntariado de los distintos centros que conforman la Asociaci\u00f3n Proyecto Hombre a nivel nacional. Por parte de Proyecto Hombre provincia de C\u00e1diz &#8230; <a title=\"Escuela de Oto\u00f1o del voluntariado de la Asociaci\u00f3n Proyecto Hombre\" class=\"read-more\" href=\"https:\/\/www.proyectohombreprovinciacadiz.org\/index.php\/2025\/11\/13\/escuela-de-otono-del-voluntariado-de-la-asociacion-proyecto-hombre-3\/\" aria-label=\"M\u00e1s en Escuela de Oto\u00f1o del voluntariado de la Asociaci\u00f3n Proyecto Hombre\">Leer m\u00e1s<\/a><\/p>\n","protected":false},"author":2,"featured_media":0,"comment_status":"closed","ping_status":"closed","sticky":false,"template":"","format":"standard","meta":{"footnotes":""},"categories":[1],"tags":[],"class_list":["post-4299","post","type-post","status-publish","format-standard","hentry","category-sin-categoria"],"_links":{"self":[{"href":"https:\/\/www.proyectohombreprovinciacadiz.org\/index.php\/wp-json\/wp\/v2\/posts\/4299","targetHints":{"allow":["GET"]}}],"collection":[{"href":"https:\/\/www.proyectohombreprovinciacadiz.org\/index.php\/wp-json\/wp\/v2\/posts"}],"about":[{"href":"https:\/\/www.proyectohombreprovinciacadiz.org\/index.php\/wp-json\/wp\/v2\/types\/post"}],"author":[{"embeddable":true,"href":"https:\/\/www.proyectohombreprovinciacadiz.org\/index.php\/wp-json\/wp\/v2\/users\/2"}],"replies":[{"embeddable":true,"href":"https:\/\/www.proyectohombreprovinciacadiz.org\/index.php\/wp-json\/wp\/v2\/comments?post=4299"}],"version-history":[{"count":1,"href":"https:\/\/www.proyectohombreprovinciacadiz.org\/index.php\/wp-json\/wp\/v2\/posts\/4299\/revisions"}],"predecessor-version":[{"id":4303,"href":"https:\/\/www.proyectohombreprovinciacadiz.org\/index.php\/wp-json\/wp\/v2\/posts\/4299\/revisions\/4303"}],"wp:attachment":[{"href":"https:\/\/www.proyectohombreprovinciacadiz.org\/index.php\/wp-json\/wp\/v2\/media?parent=4299"}],"wp:term":[{"taxonomy":"category","embeddable":true,"href":"https:\/\/www.proyectohombreprovinciacadiz.org\/index.php\/wp-json\/wp\/v2\/categories?post=4299"},{"taxonomy":"post_tag","embeddable":true,"href":"https:\/\/www.proyectohombreprovinciacadiz.org\/index.php\/wp-json\/wp\/v2\/tags?post=4299"}],"curies":[{"name":"wp","href":"https:\/\/api.w.org\/{rel}","templated":true}]}}