{"id":4317,"date":"2025-11-21T12:36:27","date_gmt":"2025-11-21T11:36:27","guid":{"rendered":"https:\/\/www.proyectohombreprovinciacadiz.org\/?p=4317"},"modified":"2025-11-21T12:36:28","modified_gmt":"2025-11-21T11:36:28","slug":"encuentro-provincial-de-plataforma-del-voluntariado-de-cadiz","status":"publish","type":"post","link":"https:\/\/www.proyectohombreprovinciacadiz.org\/index.php\/2025\/11\/21\/encuentro-provincial-de-plataforma-del-voluntariado-de-cadiz\/","title":{"rendered":"Encuentro provincial de plataforma del voluntariado de C\u00e1diz"},"content":{"rendered":"\n<p>El 18 de noviembre tuvo lugar el Encuentro Provincial de Asociaciones miembros de la Plataforma del Voluntariado de la Provincia de C\u00e1diz. El tema elegido para este encuentro ha sido \u201cLa intergeneracionalidad del voluntariado\u201d.<\/p>\n\n\n\n<p>Proyecto Hombre provincia de C\u00e1diz estuvo presente representado por Manuel Tallaf\u00e9, voluntario del Centro de D\u00eda \u201cBah\u00eda de C\u00e1diz\u201d.<\/p>\n\n\n\n<p>En dicho encuentro se trabajaron dos temas importantes en sendas mesas redondas:&nbsp;\u201cEl Voluntariado como barrera contra la Soledad No Deseada\u00bb y \u201cLa Riqueza de la Experiencia en el Voluntariado de la Provincia de C\u00e1diz\u00bb.<\/p>\n\n\n\n<figure class=\"wp-block-gallery has-nested-images columns-default is-cropped wp-block-gallery-1 is-layout-flex wp-block-gallery-is-layout-flex\">\n<figure class=\"wp-block-image size-large\"><img fetchpriority=\"high\" decoding=\"async\" width=\"768\" height=\"1024\" data-id=\"4318\" src=\"https:\/\/www.proyectohombreprovinciacadiz.org\/wp-content\/uploads\/2025\/11\/CARTEL-REUNION-PLATAFORMA-VOLUNTARIADO-768x1024.jpg\" alt=\"\" class=\"wp-image-4318\" srcset=\"https:\/\/www.proyectohombreprovinciacadiz.org\/wp-content\/uploads\/2025\/11\/CARTEL-REUNION-PLATAFORMA-VOLUNTARIADO-768x1024.jpg 768w, https:\/\/www.proyectohombreprovinciacadiz.org\/wp-content\/uploads\/2025\/11\/CARTEL-REUNION-PLATAFORMA-VOLUNTARIADO-225x300.jpg 225w, https:\/\/www.proyectohombreprovinciacadiz.org\/wp-content\/uploads\/2025\/11\/CARTEL-REUNION-PLATAFORMA-VOLUNTARIADO-1152x1536.jpg 1152w, https:\/\/www.proyectohombreprovinciacadiz.org\/wp-content\/uploads\/2025\/11\/CARTEL-REUNION-PLATAFORMA-VOLUNTARIADO.jpg 1530w\" sizes=\"(max-width: 768px) 100vw, 768px\" \/><\/figure>\n\n\n\n<figure class=\"wp-block-image size-large\"><img decoding=\"async\" width=\"1024\" height=\"610\" data-id=\"4319\" src=\"https:\/\/www.proyectohombreprovinciacadiz.org\/wp-content\/uploads\/2025\/11\/reunion-plataforma-del-voluntariado-noviembre-2025-1024x610.jpg\" alt=\"\" class=\"wp-image-4319\" srcset=\"https:\/\/www.proyectohombreprovinciacadiz.org\/wp-content\/uploads\/2025\/11\/reunion-plataforma-del-voluntariado-noviembre-2025-1024x610.jpg 1024w, https:\/\/www.proyectohombreprovinciacadiz.org\/wp-content\/uploads\/2025\/11\/reunion-plataforma-del-voluntariado-noviembre-2025-300x179.jpg 300w, https:\/\/www.proyectohombreprovinciacadiz.org\/wp-content\/uploads\/2025\/11\/reunion-plataforma-del-voluntariado-noviembre-2025-768x457.jpg 768w, https:\/\/www.proyectohombreprovinciacadiz.org\/wp-content\/uploads\/2025\/11\/reunion-plataforma-del-voluntariado-noviembre-2025-1536x914.jpg 1536w, https:\/\/www.proyectohombreprovinciacadiz.org\/wp-content\/uploads\/2025\/11\/reunion-plataforma-del-voluntariado-noviembre-2025.jpg 2048w\" sizes=\"(max-width: 1024px) 100vw, 1024px\" \/><\/figure>\n<\/figure>\n","protected":false},"excerpt":{"rendered":"<p>El 18 de noviembre tuvo lugar el Encuentro Provincial de Asociaciones miembros de la Plataforma del Voluntariado de la Provincia de C\u00e1diz. El tema elegido para este encuentro ha sido \u201cLa intergeneracionalidad del voluntariado\u201d. Proyecto Hombre provincia de C\u00e1diz estuvo presente representado por Manuel Tallaf\u00e9, voluntario del Centro de D\u00eda \u201cBah\u00eda de C\u00e1diz\u201d. En dicho &#8230; <a title=\"Encuentro provincial de plataforma del voluntariado de C\u00e1diz\" class=\"read-more\" href=\"https:\/\/www.proyectohombreprovinciacadiz.org\/index.php\/2025\/11\/21\/encuentro-provincial-de-plataforma-del-voluntariado-de-cadiz\/\" aria-label=\"M\u00e1s en Encuentro provincial de plataforma del voluntariado de C\u00e1diz\">Leer m\u00e1s<\/a><\/p>\n","protected":false},"author":2,"featured_media":0,"comment_status":"closed","ping_status":"closed","sticky":false,"template":"","format":"standard","meta":{"footnotes":""},"categories":[1],"tags":[],"class_list":["post-4317","post","type-post","status-publish","format-standard","hentry","category-sin-categoria"],"_links":{"self":[{"href":"https:\/\/www.proyectohombreprovinciacadiz.org\/index.php\/wp-json\/wp\/v2\/posts\/4317","targetHints":{"allow":["GET"]}}],"collection":[{"href":"https:\/\/www.proyectohombreprovinciacadiz.org\/index.php\/wp-json\/wp\/v2\/posts"}],"about":[{"href":"https:\/\/www.proyectohombreprovinciacadiz.org\/index.php\/wp-json\/wp\/v2\/types\/post"}],"author":[{"embeddable":true,"href":"https:\/\/www.proyectohombreprovinciacadiz.org\/index.php\/wp-json\/wp\/v2\/users\/2"}],"replies":[{"embeddable":true,"href":"https:\/\/www.proyectohombreprovinciacadiz.org\/index.php\/wp-json\/wp\/v2\/comments?post=4317"}],"version-history":[{"count":1,"href":"https:\/\/www.proyectohombreprovinciacadiz.org\/index.php\/wp-json\/wp\/v2\/posts\/4317\/revisions"}],"predecessor-version":[{"id":4320,"href":"https:\/\/www.proyectohombreprovinciacadiz.org\/index.php\/wp-json\/wp\/v2\/posts\/4317\/revisions\/4320"}],"wp:attachment":[{"href":"https:\/\/www.proyectohombreprovinciacadiz.org\/index.php\/wp-json\/wp\/v2\/media?parent=4317"}],"wp:term":[{"taxonomy":"category","embeddable":true,"href":"https:\/\/www.proyectohombreprovinciacadiz.org\/index.php\/wp-json\/wp\/v2\/categories?post=4317"},{"taxonomy":"post_tag","embeddable":true,"href":"https:\/\/www.proyectohombreprovinciacadiz.org\/index.php\/wp-json\/wp\/v2\/tags?post=4317"}],"curies":[{"name":"wp","href":"https:\/\/api.w.org\/{rel}","templated":true}]}}