{"id":4404,"date":"2026-03-05T07:54:33","date_gmt":"2026-03-05T06:54:33","guid":{"rendered":"https:\/\/www.proyectohombreprovinciacadiz.org\/?p=4404"},"modified":"2026-03-05T07:54:33","modified_gmt":"2026-03-05T06:54:33","slug":"permisos-penitenciarios-de-salidas-como-pieza-clave-para-la-reinsercion","status":"publish","type":"post","link":"https:\/\/www.proyectohombreprovinciacadiz.org\/index.php\/2026\/03\/05\/permisos-penitenciarios-de-salidas-como-pieza-clave-para-la-reinsercion\/","title":{"rendered":"Permisos penitenciarios de salidas como pieza clave para la reinserci\u00f3n."},"content":{"rendered":"\n<p>El equipo terap\u00e9utico del programa de prisi\u00f3n refuerza el acompa\u00f1amiento a las personas privadas de libertad transformando los permisos ordinarios de salida en un entrenamiento real para la libertad.<\/p>\n\n\n\n<p>En la sede de Proyecto Hombre, recibimos a los\/as internos\/as y a sus familias durante el disfrute de las salidas de permiso, creando un espacio seguro para trabajar los miedos y ansiedades tras la privaci\u00f3n de libertad. Identificamos los riesgos de reca\u00edda y reforzamos conductas positivas aprendidas. Mediamos entre la persona privada de libertad y su familia para sanar v\u00ednculos y reconstruir la confianza. Trabajamos habilidades sociales necesarias para el d\u00eda a d\u00eda en la calle.<\/p>\n\n\n\n<p>\u201c<strong>Creemos en las segundas oportunidades, pero sobre todo en la preparaci\u00f3n y trabajo personal para aprovecharlas.\u201d<\/strong><\/p>\n\n\n\n<p>Esta actividad pertenece al programa: \u201cImpulsa\u201d: tratamiento a personas en centros penitenciarios con problemas de adicci\u00f3n\u201d que se lleva a cabo gracias a la subvenci\u00f3n de la Consejer\u00eda de Inclusi\u00f3n Social, Juventud, Familia e Igualdad de la Junta de Andaluc\u00eda, por la asignaci\u00f3n tributaria del 0,7% del IRPF para entidades privadas de inter\u00e9s general.<\/p>\n\n\n\n<figure class=\"wp-block-image size-large\"><img fetchpriority=\"high\" decoding=\"async\" width=\"1024\" height=\"1024\" src=\"https:\/\/www.proyectohombreprovinciacadiz.org\/wp-content\/uploads\/2026\/03\/Prision-1024x1024.jpg\" alt=\"\" class=\"wp-image-4405\" srcset=\"https:\/\/www.proyectohombreprovinciacadiz.org\/wp-content\/uploads\/2026\/03\/Prision-1024x1024.jpg 1024w, https:\/\/www.proyectohombreprovinciacadiz.org\/wp-content\/uploads\/2026\/03\/Prision-300x300.jpg 300w, https:\/\/www.proyectohombreprovinciacadiz.org\/wp-content\/uploads\/2026\/03\/Prision-150x150.jpg 150w, https:\/\/www.proyectohombreprovinciacadiz.org\/wp-content\/uploads\/2026\/03\/Prision-768x768.jpg 768w, https:\/\/www.proyectohombreprovinciacadiz.org\/wp-content\/uploads\/2026\/03\/Prision.jpg 1080w\" sizes=\"(max-width: 1024px) 100vw, 1024px\" \/><\/figure>\n","protected":false},"excerpt":{"rendered":"<p>El equipo terap\u00e9utico del programa de prisi\u00f3n refuerza el acompa\u00f1amiento a las personas privadas de libertad transformando los permisos ordinarios de salida en un entrenamiento real para la libertad. En la sede de Proyecto Hombre, recibimos a los\/as internos\/as y a sus familias durante el disfrute de las salidas de permiso, creando un espacio seguro &#8230; <a title=\"Permisos penitenciarios de salidas como pieza clave para la reinserci\u00f3n.\" class=\"read-more\" href=\"https:\/\/www.proyectohombreprovinciacadiz.org\/index.php\/2026\/03\/05\/permisos-penitenciarios-de-salidas-como-pieza-clave-para-la-reinsercion\/\" aria-label=\"M\u00e1s en Permisos penitenciarios de salidas como pieza clave para la reinserci\u00f3n.\">Leer m\u00e1s<\/a><\/p>\n","protected":false},"author":2,"featured_media":0,"comment_status":"closed","ping_status":"closed","sticky":false,"template":"","format":"standard","meta":{"footnotes":""},"categories":[1],"tags":[],"class_list":["post-4404","post","type-post","status-publish","format-standard","hentry","category-sin-categoria"],"_links":{"self":[{"href":"https:\/\/www.proyectohombreprovinciacadiz.org\/index.php\/wp-json\/wp\/v2\/posts\/4404","targetHints":{"allow":["GET"]}}],"collection":[{"href":"https:\/\/www.proyectohombreprovinciacadiz.org\/index.php\/wp-json\/wp\/v2\/posts"}],"about":[{"href":"https:\/\/www.proyectohombreprovinciacadiz.org\/index.php\/wp-json\/wp\/v2\/types\/post"}],"author":[{"embeddable":true,"href":"https:\/\/www.proyectohombreprovinciacadiz.org\/index.php\/wp-json\/wp\/v2\/users\/2"}],"replies":[{"embeddable":true,"href":"https:\/\/www.proyectohombreprovinciacadiz.org\/index.php\/wp-json\/wp\/v2\/comments?post=4404"}],"version-history":[{"count":1,"href":"https:\/\/www.proyectohombreprovinciacadiz.org\/index.php\/wp-json\/wp\/v2\/posts\/4404\/revisions"}],"predecessor-version":[{"id":4406,"href":"https:\/\/www.proyectohombreprovinciacadiz.org\/index.php\/wp-json\/wp\/v2\/posts\/4404\/revisions\/4406"}],"wp:attachment":[{"href":"https:\/\/www.proyectohombreprovinciacadiz.org\/index.php\/wp-json\/wp\/v2\/media?parent=4404"}],"wp:term":[{"taxonomy":"category","embeddable":true,"href":"https:\/\/www.proyectohombreprovinciacadiz.org\/index.php\/wp-json\/wp\/v2\/categories?post=4404"},{"taxonomy":"post_tag","embeddable":true,"href":"https:\/\/www.proyectohombreprovinciacadiz.org\/index.php\/wp-json\/wp\/v2\/tags?post=4404"}],"curies":[{"name":"wp","href":"https:\/\/api.w.org\/{rel}","templated":true}]}}