{"id":4407,"date":"2026-03-06T07:58:33","date_gmt":"2026-03-06T06:58:33","guid":{"rendered":"https:\/\/www.proyectohombreprovinciacadiz.org\/?p=4407"},"modified":"2026-03-05T07:59:51","modified_gmt":"2026-03-05T06:59:51","slug":"taller-formativo-en-el-centro-de-dia-de-cadiz","status":"publish","type":"post","link":"https:\/\/www.proyectohombreprovinciacadiz.org\/index.php\/2026\/03\/06\/taller-formativo-en-el-centro-de-dia-de-cadiz\/","title":{"rendered":"Taller formativo en el Centro de D\u00eda de C\u00e1diz"},"content":{"rendered":"\n<p>El 17 de febrero tuvo lugar en el Centro de D\u00eda de PH C\u00e1diz un taller formativo para personas usuarias y sus familiares acerca de las situaciones de riesgo y los recursos y herramientas para reforzar el periodo de abstinencia. El objetivo fue que las personas usuarias entiendan que cada uno\/a debe de asumir sus propias limitaciones y establecer normas de autoprotecci\u00f3n al finalizar este proceso. Esta actividad forma parte del \u201cPrograma complementario al tratamiento de adicciones en r\u00e9gimen ambulatorio\u201d que se lleva a en colaboraci\u00f3n con la Consejer\u00eda de Inclusi\u00f3n, juventud, familia e Igualdad, de la Junta de Andaluc\u00eda, por la asignaci\u00f3n tributaria del 0,7% del IRPF para entidades privadas de inter\u00e9s general.<\/p>\n\n\n\n<figure class=\"wp-block-image size-large\"><img fetchpriority=\"high\" decoding=\"async\" width=\"1024\" height=\"1024\" src=\"https:\/\/www.proyectohombreprovinciacadiz.org\/wp-content\/uploads\/2026\/03\/cadiz-1024x1024.jpg\" alt=\"\" class=\"wp-image-4408\" srcset=\"https:\/\/www.proyectohombreprovinciacadiz.org\/wp-content\/uploads\/2026\/03\/cadiz-1024x1024.jpg 1024w, https:\/\/www.proyectohombreprovinciacadiz.org\/wp-content\/uploads\/2026\/03\/cadiz-300x300.jpg 300w, https:\/\/www.proyectohombreprovinciacadiz.org\/wp-content\/uploads\/2026\/03\/cadiz-150x150.jpg 150w, https:\/\/www.proyectohombreprovinciacadiz.org\/wp-content\/uploads\/2026\/03\/cadiz-768x768.jpg 768w, https:\/\/www.proyectohombreprovinciacadiz.org\/wp-content\/uploads\/2026\/03\/cadiz.jpg 1080w\" sizes=\"(max-width: 1024px) 100vw, 1024px\" \/><\/figure>\n","protected":false},"excerpt":{"rendered":"<p>El 17 de febrero tuvo lugar en el Centro de D\u00eda de PH C\u00e1diz un taller formativo para personas usuarias y sus familiares acerca de las situaciones de riesgo y los recursos y herramientas para reforzar el periodo de abstinencia. El objetivo fue que las personas usuarias entiendan que cada uno\/a debe de asumir sus &#8230; <a title=\"Taller formativo en el Centro de D\u00eda de C\u00e1diz\" class=\"read-more\" href=\"https:\/\/www.proyectohombreprovinciacadiz.org\/index.php\/2026\/03\/06\/taller-formativo-en-el-centro-de-dia-de-cadiz\/\" aria-label=\"M\u00e1s en Taller formativo en el Centro de D\u00eda de C\u00e1diz\">Leer m\u00e1s<\/a><\/p>\n","protected":false},"author":2,"featured_media":0,"comment_status":"closed","ping_status":"closed","sticky":false,"template":"","format":"standard","meta":{"footnotes":""},"categories":[1],"tags":[],"class_list":["post-4407","post","type-post","status-publish","format-standard","hentry","category-sin-categoria"],"_links":{"self":[{"href":"https:\/\/www.proyectohombreprovinciacadiz.org\/index.php\/wp-json\/wp\/v2\/posts\/4407","targetHints":{"allow":["GET"]}}],"collection":[{"href":"https:\/\/www.proyectohombreprovinciacadiz.org\/index.php\/wp-json\/wp\/v2\/posts"}],"about":[{"href":"https:\/\/www.proyectohombreprovinciacadiz.org\/index.php\/wp-json\/wp\/v2\/types\/post"}],"author":[{"embeddable":true,"href":"https:\/\/www.proyectohombreprovinciacadiz.org\/index.php\/wp-json\/wp\/v2\/users\/2"}],"replies":[{"embeddable":true,"href":"https:\/\/www.proyectohombreprovinciacadiz.org\/index.php\/wp-json\/wp\/v2\/comments?post=4407"}],"version-history":[{"count":1,"href":"https:\/\/www.proyectohombreprovinciacadiz.org\/index.php\/wp-json\/wp\/v2\/posts\/4407\/revisions"}],"predecessor-version":[{"id":4409,"href":"https:\/\/www.proyectohombreprovinciacadiz.org\/index.php\/wp-json\/wp\/v2\/posts\/4407\/revisions\/4409"}],"wp:attachment":[{"href":"https:\/\/www.proyectohombreprovinciacadiz.org\/index.php\/wp-json\/wp\/v2\/media?parent=4407"}],"wp:term":[{"taxonomy":"category","embeddable":true,"href":"https:\/\/www.proyectohombreprovinciacadiz.org\/index.php\/wp-json\/wp\/v2\/categories?post=4407"},{"taxonomy":"post_tag","embeddable":true,"href":"https:\/\/www.proyectohombreprovinciacadiz.org\/index.php\/wp-json\/wp\/v2\/tags?post=4407"}],"curies":[{"name":"wp","href":"https:\/\/api.w.org\/{rel}","templated":true}]}}