{"id":4410,"date":"2026-03-09T08:04:34","date_gmt":"2026-03-09T07:04:34","guid":{"rendered":"https:\/\/www.proyectohombreprovinciacadiz.org\/?p=4410"},"modified":"2026-03-05T08:05:30","modified_gmt":"2026-03-05T07:05:30","slug":"visita-del-aula-de-mayores-de-la-uca","status":"publish","type":"post","link":"https:\/\/www.proyectohombreprovinciacadiz.org\/index.php\/2026\/03\/09\/visita-del-aula-de-mayores-de-la-uca\/","title":{"rendered":"Visita del Aula de Mayores de la UCA"},"content":{"rendered":"\n<p>El 17 de febrero, un grupo de alumnos y alumnas del aula de mayores de la Universidad de C\u00e1diz, visitaron nuestra sede, dentro del acuerdo de colaboraci\u00f3n establecido con la Universidad para difundir los valores del voluntariado y ofrecer alternativas a las personas mayores, interesadas en realizar alguna labor social.<\/p>\n\n\n\n<p>En este encuentro fueron recibidos por Luis Bononato, que les ofreci\u00f3 la informaci\u00f3n necesaria para que conozcan la labor que realizamos desde Proyecto Hombre, as\u00ed como la importancia del voluntariado dentro de dicha labor.<\/p>\n\n\n\n<p>Esta actividad forma parte del \u00abprograma de promoci\u00f3n y formaci\u00f3n del voluntariado\u00bb que cuenta con el apoyo del Ministerio de Derechos Sociales y Agenda 2030, con cargo a la asignaci\u00f3n tributaria del IRPF y del impuesto sobre sociedades.<\/p>\n\n\n\n<figure class=\"wp-block-gallery has-nested-images columns-default is-cropped wp-block-gallery-1 is-layout-flex wp-block-gallery-is-layout-flex\">\n<figure class=\"wp-block-image size-large\"><img fetchpriority=\"high\" decoding=\"async\" width=\"1024\" height=\"461\" data-id=\"4411\" src=\"https:\/\/www.proyectohombreprovinciacadiz.org\/wp-content\/uploads\/2026\/03\/1771353957995-1024x461.jpg\" alt=\"\" class=\"wp-image-4411\" srcset=\"https:\/\/www.proyectohombreprovinciacadiz.org\/wp-content\/uploads\/2026\/03\/1771353957995-1024x461.jpg 1024w, https:\/\/www.proyectohombreprovinciacadiz.org\/wp-content\/uploads\/2026\/03\/1771353957995-300x135.jpg 300w, https:\/\/www.proyectohombreprovinciacadiz.org\/wp-content\/uploads\/2026\/03\/1771353957995-768x346.jpg 768w, https:\/\/www.proyectohombreprovinciacadiz.org\/wp-content\/uploads\/2026\/03\/1771353957995-1536x691.jpg 1536w, https:\/\/www.proyectohombreprovinciacadiz.org\/wp-content\/uploads\/2026\/03\/1771353957995.jpg 2000w\" sizes=\"(max-width: 1024px) 100vw, 1024px\" \/><\/figure>\n\n\n\n<figure class=\"wp-block-image size-large\"><img decoding=\"async\" width=\"1024\" height=\"768\" data-id=\"4412\" src=\"https:\/\/www.proyectohombreprovinciacadiz.org\/wp-content\/uploads\/2026\/03\/1771353958084-1024x768.jpg\" alt=\"\" class=\"wp-image-4412\" srcset=\"https:\/\/www.proyectohombreprovinciacadiz.org\/wp-content\/uploads\/2026\/03\/1771353958084-1024x768.jpg 1024w, https:\/\/www.proyectohombreprovinciacadiz.org\/wp-content\/uploads\/2026\/03\/1771353958084-300x225.jpg 300w, https:\/\/www.proyectohombreprovinciacadiz.org\/wp-content\/uploads\/2026\/03\/1771353958084-768x576.jpg 768w, https:\/\/www.proyectohombreprovinciacadiz.org\/wp-content\/uploads\/2026\/03\/1771353958084.jpg 1468w\" sizes=\"(max-width: 1024px) 100vw, 1024px\" \/><\/figure>\n<\/figure>\n","protected":false},"excerpt":{"rendered":"<p>El 17 de febrero, un grupo de alumnos y alumnas del aula de mayores de la Universidad de C\u00e1diz, visitaron nuestra sede, dentro del acuerdo de colaboraci\u00f3n establecido con la Universidad para difundir los valores del voluntariado y ofrecer alternativas a las personas mayores, interesadas en realizar alguna labor social. En este encuentro fueron recibidos &#8230; <a title=\"Visita del Aula de Mayores de la UCA\" class=\"read-more\" href=\"https:\/\/www.proyectohombreprovinciacadiz.org\/index.php\/2026\/03\/09\/visita-del-aula-de-mayores-de-la-uca\/\" aria-label=\"M\u00e1s en Visita del Aula de Mayores de la UCA\">Leer m\u00e1s<\/a><\/p>\n","protected":false},"author":2,"featured_media":0,"comment_status":"closed","ping_status":"closed","sticky":false,"template":"","format":"standard","meta":{"footnotes":""},"categories":[1],"tags":[],"class_list":["post-4410","post","type-post","status-publish","format-standard","hentry","category-sin-categoria"],"_links":{"self":[{"href":"https:\/\/www.proyectohombreprovinciacadiz.org\/index.php\/wp-json\/wp\/v2\/posts\/4410","targetHints":{"allow":["GET"]}}],"collection":[{"href":"https:\/\/www.proyectohombreprovinciacadiz.org\/index.php\/wp-json\/wp\/v2\/posts"}],"about":[{"href":"https:\/\/www.proyectohombreprovinciacadiz.org\/index.php\/wp-json\/wp\/v2\/types\/post"}],"author":[{"embeddable":true,"href":"https:\/\/www.proyectohombreprovinciacadiz.org\/index.php\/wp-json\/wp\/v2\/users\/2"}],"replies":[{"embeddable":true,"href":"https:\/\/www.proyectohombreprovinciacadiz.org\/index.php\/wp-json\/wp\/v2\/comments?post=4410"}],"version-history":[{"count":1,"href":"https:\/\/www.proyectohombreprovinciacadiz.org\/index.php\/wp-json\/wp\/v2\/posts\/4410\/revisions"}],"predecessor-version":[{"id":4413,"href":"https:\/\/www.proyectohombreprovinciacadiz.org\/index.php\/wp-json\/wp\/v2\/posts\/4410\/revisions\/4413"}],"wp:attachment":[{"href":"https:\/\/www.proyectohombreprovinciacadiz.org\/index.php\/wp-json\/wp\/v2\/media?parent=4410"}],"wp:term":[{"taxonomy":"category","embeddable":true,"href":"https:\/\/www.proyectohombreprovinciacadiz.org\/index.php\/wp-json\/wp\/v2\/categories?post=4410"},{"taxonomy":"post_tag","embeddable":true,"href":"https:\/\/www.proyectohombreprovinciacadiz.org\/index.php\/wp-json\/wp\/v2\/tags?post=4410"}],"curies":[{"name":"wp","href":"https:\/\/api.w.org\/{rel}","templated":true}]}}