{"id":576,"date":"2019-10-10T08:45:03","date_gmt":"2019-10-10T06:45:03","guid":{"rendered":"https:\/\/www.proyectohombreprovinciacadiz.org\/?p=576"},"modified":"2019-10-10T08:50:05","modified_gmt":"2019-10-10T06:50:05","slug":"exito-en-al-xviii-regata-proyecto-hombre","status":"publish","type":"post","link":"https:\/\/www.proyectohombreprovinciacadiz.org\/index.php\/2019\/10\/10\/exito-en-al-xviii-regata-proyecto-hombre\/","title":{"rendered":"\u00c9xito en la XVIII Regata Proyecto Hombre"},"content":{"rendered":"\n<p>El 5 de octubre finaliz\u00f3 la temporada de Regatas en el Real Club N\u00e1utico de El Puerto de Santa Mar\u00eda, con la celebraci\u00f3n de la XVIII Regata Proyecto Hombre, siendo ganador el gaditano \u2018S\u00e1lvora II\u2019.<br>Luis Bononato, que asisti\u00f3 acompa\u00f1ado por Ana L. Aranda responsable del Programa de prevenci\u00f3n, agradeci\u00f3 a la Junta directiva del Club, con Santiago Villagr\u00e1n al frente, as\u00ed como a los asistentes y a las empresas colaboradoras, el que un a\u00f1o m\u00e1s hicieran posible este acto tan consolidado en la Bah\u00eda de C\u00e1diz.<\/p>\n\n\n\n<figure class=\"wp-block-image\"><img fetchpriority=\"high\" decoding=\"async\" width=\"1024\" height=\"768\" src=\"https:\/\/www.proyectohombreprovinciacadiz.org\/wp-content\/uploads\/2019\/10\/IMG-20191005-WA0005-1024x768.jpg\" alt=\"\" class=\"wp-image-578\" srcset=\"https:\/\/www.proyectohombreprovinciacadiz.org\/wp-content\/uploads\/2019\/10\/IMG-20191005-WA0005-1024x768.jpg 1024w, https:\/\/www.proyectohombreprovinciacadiz.org\/wp-content\/uploads\/2019\/10\/IMG-20191005-WA0005-300x225.jpg 300w, https:\/\/www.proyectohombreprovinciacadiz.org\/wp-content\/uploads\/2019\/10\/IMG-20191005-WA0005-768x576.jpg 768w, https:\/\/www.proyectohombreprovinciacadiz.org\/wp-content\/uploads\/2019\/10\/IMG-20191005-WA0005.jpg 1600w\" sizes=\"(max-width: 1024px) 100vw, 1024px\" \/><\/figure>\n","protected":false},"excerpt":{"rendered":"<p>El 5 de octubre finaliz\u00f3 la temporada de Regatas en el Real Club N\u00e1utico de El Puerto de Santa Mar\u00eda, con la celebraci\u00f3n de la XVIII Regata Proyecto Hombre, siendo ganador el gaditano \u2018S\u00e1lvora II\u2019.Luis Bononato, que asisti\u00f3 acompa\u00f1ado por Ana L. Aranda responsable del Programa de prevenci\u00f3n, agradeci\u00f3 a la Junta directiva del Club, &#8230; <a title=\"\u00c9xito en la XVIII Regata Proyecto Hombre\" class=\"read-more\" href=\"https:\/\/www.proyectohombreprovinciacadiz.org\/index.php\/2019\/10\/10\/exito-en-al-xviii-regata-proyecto-hombre\/\" aria-label=\"M\u00e1s en \u00c9xito en la XVIII Regata Proyecto Hombre\">Leer m\u00e1s<\/a><\/p>\n","protected":false},"author":2,"featured_media":577,"comment_status":"closed","ping_status":"closed","sticky":false,"template":"","format":"standard","meta":{"footnotes":""},"categories":[1],"tags":[],"class_list":["post-576","post","type-post","status-publish","format-standard","has-post-thumbnail","hentry","category-sin-categoria"],"_links":{"self":[{"href":"https:\/\/www.proyectohombreprovinciacadiz.org\/index.php\/wp-json\/wp\/v2\/posts\/576","targetHints":{"allow":["GET"]}}],"collection":[{"href":"https:\/\/www.proyectohombreprovinciacadiz.org\/index.php\/wp-json\/wp\/v2\/posts"}],"about":[{"href":"https:\/\/www.proyectohombreprovinciacadiz.org\/index.php\/wp-json\/wp\/v2\/types\/post"}],"author":[{"embeddable":true,"href":"https:\/\/www.proyectohombreprovinciacadiz.org\/index.php\/wp-json\/wp\/v2\/users\/2"}],"replies":[{"embeddable":true,"href":"https:\/\/www.proyectohombreprovinciacadiz.org\/index.php\/wp-json\/wp\/v2\/comments?post=576"}],"version-history":[{"count":2,"href":"https:\/\/www.proyectohombreprovinciacadiz.org\/index.php\/wp-json\/wp\/v2\/posts\/576\/revisions"}],"predecessor-version":[{"id":580,"href":"https:\/\/www.proyectohombreprovinciacadiz.org\/index.php\/wp-json\/wp\/v2\/posts\/576\/revisions\/580"}],"wp:featuredmedia":[{"embeddable":true,"href":"https:\/\/www.proyectohombreprovinciacadiz.org\/index.php\/wp-json\/wp\/v2\/media\/577"}],"wp:attachment":[{"href":"https:\/\/www.proyectohombreprovinciacadiz.org\/index.php\/wp-json\/wp\/v2\/media?parent=576"}],"wp:term":[{"taxonomy":"category","embeddable":true,"href":"https:\/\/www.proyectohombreprovinciacadiz.org\/index.php\/wp-json\/wp\/v2\/categories?post=576"},{"taxonomy":"post_tag","embeddable":true,"href":"https:\/\/www.proyectohombreprovinciacadiz.org\/index.php\/wp-json\/wp\/v2\/tags?post=576"}],"curies":[{"name":"wp","href":"https:\/\/api.w.org\/{rel}","templated":true}]}}