{"id":581,"date":"2019-10-10T11:22:12","date_gmt":"2019-10-10T09:22:12","guid":{"rendered":"https:\/\/www.proyectohombreprovinciacadiz.org\/?p=581"},"modified":"2019-10-10T11:22:13","modified_gmt":"2019-10-10T09:22:13","slug":"reunion-con-antonia-rubio-directora-general-de-infancia-y-conciliacion","status":"publish","type":"post","link":"https:\/\/www.proyectohombreprovinciacadiz.org\/index.php\/2019\/10\/10\/reunion-con-antonia-rubio-directora-general-de-infancia-y-conciliacion\/","title":{"rendered":"Reuni\u00f3n con Antonia Rubio, Directora General de Infancia y Conciliaci\u00f3n"},"content":{"rendered":"\n<p>El pasado 25 de septiembre nuestro director Luis Bononato y la directora del programa de Protecci\u00f3n de Menores, Lorena Luque, se reunieron en Sevilla con la Directora general de Infancia y Conciliaci\u00f3n de la Junta de Andaluc\u00eda, Antonia Rubio Gonz\u00e1lez, que estuvo acompa\u00f1ada por Alicia N\u00fa\u00f1ez Castillo, Jefa de Servicio de Protecci\u00f3n de Menores.<\/p>\n\n\n\n<p>El motivo de la reuni\u00f3n fue presentar la Memoria de Proyecto Hombre 2018, especialmente en los datos relativos al programa de Protecci\u00f3n de Menores, as\u00ed como los retos para este a\u00f1o.<\/p>\n\n\n\n<p>Proyecto Hombre provincia de C\u00e1diz cuenta con este dispositivo espec\u00edfico, destinado a menores, tanto espa\u00f1oles como extranjeros, derivados por la Direcci\u00f3n General de Infancia y Conciliaci\u00f3n.<br><\/p>\n\n\n\n<p>Por las dos partes se valor\u00f3 el alto nivel de coordinaci\u00f3n existente entre las dos entidades.<\/p>\n","protected":false},"excerpt":{"rendered":"<p>El pasado 25 de septiembre nuestro director Luis Bononato y la directora del programa de Protecci\u00f3n de Menores, Lorena Luque, se reunieron en Sevilla con la Directora general de Infancia y Conciliaci\u00f3n de la Junta de Andaluc\u00eda, Antonia Rubio Gonz\u00e1lez, que estuvo acompa\u00f1ada por Alicia N\u00fa\u00f1ez Castillo, Jefa de Servicio de Protecci\u00f3n de Menores. El &#8230; <a title=\"Reuni\u00f3n con Antonia Rubio, Directora General de Infancia y Conciliaci\u00f3n\" class=\"read-more\" href=\"https:\/\/www.proyectohombreprovinciacadiz.org\/index.php\/2019\/10\/10\/reunion-con-antonia-rubio-directora-general-de-infancia-y-conciliacion\/\" aria-label=\"M\u00e1s en Reuni\u00f3n con Antonia Rubio, Directora General de Infancia y Conciliaci\u00f3n\">Leer m\u00e1s<\/a><\/p>\n","protected":false},"author":2,"featured_media":582,"comment_status":"closed","ping_status":"closed","sticky":false,"template":"","format":"standard","meta":{"footnotes":""},"categories":[1],"tags":[],"class_list":["post-581","post","type-post","status-publish","format-standard","has-post-thumbnail","hentry","category-sin-categoria"],"_links":{"self":[{"href":"https:\/\/www.proyectohombreprovinciacadiz.org\/index.php\/wp-json\/wp\/v2\/posts\/581","targetHints":{"allow":["GET"]}}],"collection":[{"href":"https:\/\/www.proyectohombreprovinciacadiz.org\/index.php\/wp-json\/wp\/v2\/posts"}],"about":[{"href":"https:\/\/www.proyectohombreprovinciacadiz.org\/index.php\/wp-json\/wp\/v2\/types\/post"}],"author":[{"embeddable":true,"href":"https:\/\/www.proyectohombreprovinciacadiz.org\/index.php\/wp-json\/wp\/v2\/users\/2"}],"replies":[{"embeddable":true,"href":"https:\/\/www.proyectohombreprovinciacadiz.org\/index.php\/wp-json\/wp\/v2\/comments?post=581"}],"version-history":[{"count":1,"href":"https:\/\/www.proyectohombreprovinciacadiz.org\/index.php\/wp-json\/wp\/v2\/posts\/581\/revisions"}],"predecessor-version":[{"id":583,"href":"https:\/\/www.proyectohombreprovinciacadiz.org\/index.php\/wp-json\/wp\/v2\/posts\/581\/revisions\/583"}],"wp:featuredmedia":[{"embeddable":true,"href":"https:\/\/www.proyectohombreprovinciacadiz.org\/index.php\/wp-json\/wp\/v2\/media\/582"}],"wp:attachment":[{"href":"https:\/\/www.proyectohombreprovinciacadiz.org\/index.php\/wp-json\/wp\/v2\/media?parent=581"}],"wp:term":[{"taxonomy":"category","embeddable":true,"href":"https:\/\/www.proyectohombreprovinciacadiz.org\/index.php\/wp-json\/wp\/v2\/categories?post=581"},{"taxonomy":"post_tag","embeddable":true,"href":"https:\/\/www.proyectohombreprovinciacadiz.org\/index.php\/wp-json\/wp\/v2\/tags?post=581"}],"curies":[{"name":"wp","href":"https:\/\/api.w.org\/{rel}","templated":true}]}}