{"id":726,"date":"2019-12-17T10:14:03","date_gmt":"2019-12-17T09:14:03","guid":{"rendered":"https:\/\/www.proyectohombreprovinciacadiz.org\/?p=726"},"modified":"2019-12-17T10:14:03","modified_gmt":"2019-12-17T09:14:03","slug":"talleres-prevencion-en-i-e-s-san-severiano-de-cadiz","status":"publish","type":"post","link":"https:\/\/www.proyectohombreprovinciacadiz.org\/index.php\/2019\/12\/17\/talleres-prevencion-en-i-e-s-san-severiano-de-cadiz\/","title":{"rendered":"Talleres prevenci\u00f3n en I.E.S. San Severiano de C\u00e1diz"},"content":{"rendered":"\n<p>Centrados en el alcohol y el cannabis, as\u00ed como en el crecimiento personal, el 25 de noviembre, comenzaron los talleres de prevenci\u00f3n en el I.E.S. San Severiano. Fueron realizados por Carlos de Silva, miembro del equipo terap\u00e9utico del Centro de D\u00eda de Proyecto Hombre en C\u00e1diz. Dichos talleres se prolongaron hasta el 12 de diciembre y participaron hasta cinco cursos distintos.<\/p>\n","protected":false},"excerpt":{"rendered":"<p>Centrados en el alcohol y el cannabis, as\u00ed como en el crecimiento personal, el 25 de noviembre, comenzaron los talleres de prevenci\u00f3n en el I.E.S. San Severiano. Fueron realizados por Carlos de Silva, miembro del equipo terap\u00e9utico del Centro de D\u00eda de Proyecto Hombre en C\u00e1diz. Dichos talleres se prolongaron hasta el 12 de diciembre &#8230; <a title=\"Talleres prevenci\u00f3n en I.E.S. San Severiano de C\u00e1diz\" class=\"read-more\" href=\"https:\/\/www.proyectohombreprovinciacadiz.org\/index.php\/2019\/12\/17\/talleres-prevencion-en-i-e-s-san-severiano-de-cadiz\/\" aria-label=\"M\u00e1s en Talleres prevenci\u00f3n en I.E.S. San Severiano de C\u00e1diz\">Leer m\u00e1s<\/a><\/p>\n","protected":false},"author":2,"featured_media":727,"comment_status":"closed","ping_status":"closed","sticky":false,"template":"","format":"standard","meta":{"footnotes":""},"categories":[1],"tags":[],"class_list":["post-726","post","type-post","status-publish","format-standard","has-post-thumbnail","hentry","category-sin-categoria"],"_links":{"self":[{"href":"https:\/\/www.proyectohombreprovinciacadiz.org\/index.php\/wp-json\/wp\/v2\/posts\/726","targetHints":{"allow":["GET"]}}],"collection":[{"href":"https:\/\/www.proyectohombreprovinciacadiz.org\/index.php\/wp-json\/wp\/v2\/posts"}],"about":[{"href":"https:\/\/www.proyectohombreprovinciacadiz.org\/index.php\/wp-json\/wp\/v2\/types\/post"}],"author":[{"embeddable":true,"href":"https:\/\/www.proyectohombreprovinciacadiz.org\/index.php\/wp-json\/wp\/v2\/users\/2"}],"replies":[{"embeddable":true,"href":"https:\/\/www.proyectohombreprovinciacadiz.org\/index.php\/wp-json\/wp\/v2\/comments?post=726"}],"version-history":[{"count":1,"href":"https:\/\/www.proyectohombreprovinciacadiz.org\/index.php\/wp-json\/wp\/v2\/posts\/726\/revisions"}],"predecessor-version":[{"id":728,"href":"https:\/\/www.proyectohombreprovinciacadiz.org\/index.php\/wp-json\/wp\/v2\/posts\/726\/revisions\/728"}],"wp:featuredmedia":[{"embeddable":true,"href":"https:\/\/www.proyectohombreprovinciacadiz.org\/index.php\/wp-json\/wp\/v2\/media\/727"}],"wp:attachment":[{"href":"https:\/\/www.proyectohombreprovinciacadiz.org\/index.php\/wp-json\/wp\/v2\/media?parent=726"}],"wp:term":[{"taxonomy":"category","embeddable":true,"href":"https:\/\/www.proyectohombreprovinciacadiz.org\/index.php\/wp-json\/wp\/v2\/categories?post=726"},{"taxonomy":"post_tag","embeddable":true,"href":"https:\/\/www.proyectohombreprovinciacadiz.org\/index.php\/wp-json\/wp\/v2\/tags?post=726"}],"curies":[{"name":"wp","href":"https:\/\/api.w.org\/{rel}","templated":true}]}}